{"id":14118,"date":"2025-01-08T19:44:20","date_gmt":"2025-01-08T18:44:20","guid":{"rendered":"https:\/\/www.sitercl.com\/News\/?p=14118"},"modified":"2025-01-09T19:50:18","modified_gmt":"2025-01-09T18:50:18","slug":"annulation-du-transfert-de-pau-lopez","status":"publish","type":"post","link":"https:\/\/www.sitercl.com\/News\/?p=14118","title":{"rendered":"Annulation du transfert de Pau Lopez !"},"content":{"rendered":"<div class=\"wp-block-image\">\n<figure class=\"alignright size-full\"><img loading=\"lazy\" decoding=\"async\" width=\"100\" height=\"100\" src=\"https:\/\/www.sitercl.com\/News\/wp-content\/uploads\/2025\/01\/lopezpau.gif\" alt=\"\" class=\"wp-image-14119\"\/><\/figure>\n<\/div>\n\n\n<p>C&rsquo;est par un communiqu\u00e9 une journ\u00e9e apr\u00e8s avoir annonc\u00e9 son arriv\u00e9e que le RC Lens indique que le gardien Pau Lopez ne viendra finalement pas !<\/p>\n\n\n\n<p><strong><em>Alors qu\u2019un accord total avait \u00e9t\u00e9 trouv\u00e9 entre le Racing Club de Lens, l\u2019Olympique de Marseille et Pau Lopez, la venue de l\u2019international espagnol est annul\u00e9e. Le Girona FC a inform\u00e9 l\u2019Olympique de Marseille ce jour de sa volont\u00e9 ferme de conserver le joueur jusqu\u2019au 29 janvier, condition inacceptable pour le Racing qui renonce ainsi \u00e0 cette signature.<\/em><\/strong><\/p>\n\n\n\n<p>L\u2019Olympique de Marseille\u00a0a tenu \u00e0 apporter un peu plus tard des \u00e9claircissements au sujet de l\u2019annulation du pr\u00eat de\u00a0Pau Lopez\u00a0au\u00a0RC Lens. Voici le communiqu\u00e9 du club Phoc\u00e9en&#8230;<\/p>\n\n\n\n<ul class=\"wp-block-list\">\n<li><em>L\u2019Olympique de Marseille confirme qu\u2019\u00e0 la suite d\u2019un accord total entre toutes les parties, \u00e0 savoir le Girona FC, le RC Lens, l\u2019OM et Pau Lopez, le joueur a \u00e9t\u00e9 autoris\u00e9 \u00e0 rejoindre Lens pour y passer sa visite m\u00e9dicale.<\/em><\/li>\n\n\n\n<li><em>Dans l\u2019apr\u00e8s-midi du mardi 7 janvier, l\u2019OM a transmis au Girona FC le projet d\u2019accord de r\u00e9siliation anticip\u00e9e de la mutation temporaire.<\/em><\/li>\n\n\n\n<li><em>Pau Lopez a effectu\u00e9 avec succ\u00e8s sa visite m\u00e9dicale et a sign\u00e9 son contrat de travail avec le RC Lens ainsi que le nouvel accord de pr\u00eat entre le RC Lens et l\u2019OM.<\/em><\/li>\n\n\n\n<li><em>L\u2019OM, tr\u00e8s attach\u00e9 au respect des engagements contractuels et des r\u00e8glements sportifs, n\u2019a jamais contresign\u00e9 l\u2019accord de pr\u00eat avec le RC Lens, dans l\u2019attente du retour sign\u00e9 du Girona FC.<\/em><\/li>\n\n\n\n<li><em>Malgr\u00e9 l\u2019absence d\u2019engagement d\u00e9finitif de toutes les parties, les services de communication du RC Lens et de l\u2019OM ont d\u00e9cid\u00e9, au regard de leur collaboration r\u00e9guli\u00e8re, d\u2019annoncer l\u2019arriv\u00e9e du gardien espagnol au RC Lens, se f\u00e9licitant du nouveau challenge offert \u00e0 Pau Lopez dans notre championnat de Ligue 1. Cette communication pr\u00e9matur\u00e9e, initi\u00e9e par le RC Lens, s\u2019est faite sans aucune validation juridique et a donc \u00e9t\u00e9 supprim\u00e9e tr\u00e8s rapidement par l\u2019OM.<\/em><\/li>\n\n\n\n<li><em>Sollicit\u00e9 par l\u2019OM dans la soir\u00e9e du mardi 7 janvier, le Girona FC a indiqu\u00e9 qu\u2019il renverrait l\u2019accord de r\u00e9siliation anticip\u00e9 du pr\u00eat le soir m\u00eame ou le lendemain matin. \u00a0<\/em><\/li>\n\n\n\n<li><em>Finalement, le mercredi 8 janvier en milieu de journ\u00e9e, le Girona FC a inform\u00e9 l\u2019OM qu\u2019il convenait d\u2019attendre jusqu\u2019au 22 janvier pour que l\u2019op\u00e9ration se concr\u00e9tise apr\u00e8s leur match d\u2019UCL contre le Milan AC. Le Girona FC a justifi\u00e9 cette position par une blessure subie par son troisi\u00e8me gardien enregistr\u00e9 sur leur liste UEFA B, Lucas Garcia, le mardi 7 janvier lors d\u2019un entrainement.\u00a0<\/em><\/li>\n\n\n\n<li><em>Sollicit\u00e9 par l\u2019OM pour obtenir des explications compl\u00e9mentaires, l\u2019agent de Pau Lopez n\u2019a jamais donn\u00e9 suite.<\/em><\/li>\n\n\n\n<li><em>En tout \u00e9tat de cause, alors que l\u2019accord g\u00e9n\u00e9ral demeurait valide mais \u00e9tait seulement retard\u00e9 de quelques jours, le RC Lens a d\u00e9cid\u00e9 librement de mettre fin \u00e0 cette op\u00e9ration.<\/em><\/li>\n\n\n\n<li><em>L\u2019Olympique de Marseille regrette cette situation in\u00e9dite et l&rsquo;impossibilit\u00e9 pour Pau Lopez de participer \u00e0 la deuxi\u00e8me partie du championnat 2024\/25 de Ligue 1 sous le maillot lensois.<\/em><\/li>\n<\/ul>\n","protected":false},"excerpt":{"rendered":"<p>C&rsquo;est par un communiqu\u00e9 une journ\u00e9e apr\u00e8s avoir annonc\u00e9 son arriv\u00e9e que le RC Lens indique que le gardien Pau Lopez ne viendra finalement pas ! Alors qu\u2019un accord total avait \u00e9t\u00e9 trouv\u00e9 entre le Racing Club de Lens, l\u2019Olympique de Marseille et Pau Lopez, la venue de l\u2019international espagnol est annul\u00e9e. Le Girona FC &hellip; <a href=\"https:\/\/www.sitercl.com\/News\/?p=14118\" class=\"more-link\">Continuer la lecture<span class=\"screen-reader-text\"> de &laquo;&nbsp;Annulation du transfert de Pau Lopez !&nbsp;&raquo;<\/span><\/a><\/p>\n","protected":false},"author":2,"featured_media":0,"comment_status":"closed","ping_status":"open","sticky":false,"template":"","format":"standard","meta":{"footnotes":""},"categories":[2],"tags":[280,387,64,703],"class_list":["post-14118","post","type-post","status-publish","format-standard","hentry","category-infos","tag-communique","tag-marseille","tag-mercato","tag-pau-lopez"],"_links":{"self":[{"href":"https:\/\/www.sitercl.com\/News\/index.php?rest_route=\/wp\/v2\/posts\/14118","targetHints":{"allow":["GET"]}}],"collection":[{"href":"https:\/\/www.sitercl.com\/News\/index.php?rest_route=\/wp\/v2\/posts"}],"about":[{"href":"https:\/\/www.sitercl.com\/News\/index.php?rest_route=\/wp\/v2\/types\/post"}],"author":[{"embeddable":true,"href":"https:\/\/www.sitercl.com\/News\/index.php?rest_route=\/wp\/v2\/users\/2"}],"replies":[{"embeddable":true,"href":"https:\/\/www.sitercl.com\/News\/index.php?rest_route=%2Fwp%2Fv2%2Fcomments&post=14118"}],"version-history":[{"count":3,"href":"https:\/\/www.sitercl.com\/News\/index.php?rest_route=\/wp\/v2\/posts\/14118\/revisions"}],"predecessor-version":[{"id":14124,"href":"https:\/\/www.sitercl.com\/News\/index.php?rest_route=\/wp\/v2\/posts\/14118\/revisions\/14124"}],"wp:attachment":[{"href":"https:\/\/www.sitercl.com\/News\/index.php?rest_route=%2Fwp%2Fv2%2Fmedia&parent=14118"}],"wp:term":[{"taxonomy":"category","embeddable":true,"href":"https:\/\/www.sitercl.com\/News\/index.php?rest_route=%2Fwp%2Fv2%2Fcategories&post=14118"},{"taxonomy":"post_tag","embeddable":true,"href":"https:\/\/www.sitercl.com\/News\/index.php?rest_route=%2Fwp%2Fv2%2Ftags&post=14118"}],"curies":[{"name":"wp","href":"https:\/\/api.w.org\/{rel}","templated":true}]}}