{"id":14126,"date":"2025-01-09T20:09:32","date_gmt":"2025-01-09T19:09:32","guid":{"rendered":"https:\/\/www.sitercl.com\/News\/?p=14126"},"modified":"2025-01-09T20:09:32","modified_gmt":"2025-01-09T19:09:32","slug":"cedric-berthelin-revient-au-club","status":"publish","type":"post","link":"https:\/\/www.sitercl.com\/News\/?p=14126","title":{"rendered":"C\u00e9dric Berthelin revient au club"},"content":{"rendered":"<div class=\"wp-block-image\">\n<figure class=\"alignright size-large\"><img decoding=\"async\" src=\"https:\/\/www.sitercl.com\/JOUEURS0\/JOUEURS1\/gardien.gif\" alt=\"\"\/><\/figure>\n<\/div>\n\n\n<p>C\u00e9dric Berthelin, pour les supporters lensois ayant quelques ann\u00e9es derri\u00e8re eux, le nom leur dit peut-\u00eatre quelque chose&#8230; Et ils ont raison puisque celui-ci a \u00e9t\u00e9 form\u00e9 \u00e0 Lens en tant que gardien de 1989 \u00e0 2001. Il a m\u00eame termin\u00e9 gardien rempla\u00e7ant de l&rsquo;\u00e9quipe premi\u00e8re qui a connu le titre de champion de France 1998 ou un peu plus-tard qui a \u00e9t\u00e9 demi-finaliste de la Coupe de l\u2019UEFA en 2000&#8230;<\/p>\n\n\n\n<p>Il revient au RC Lens en tant qu&rsquo;entra\u00eeneur des gardiens apr\u00e8s <a href=\"https:\/\/www.sitercl.com\/News\/?post_type=post&amp;p=14116\">le d\u00e9part<\/a> de Herv\u00e9 Sekli avec Brice Samba \u00e0 Rennes. Il ne devrait pas conna\u00eetre de probl\u00e8me d&rsquo;adaptation avec Herv\u00e9 Koffi puisqu&rsquo;il s&rsquo;occupait d\u00e9j\u00e0 de sa pr\u00e9paration au Royal Charleroi SC d&rsquo;o\u00f9 il vient&#8230;<\/p>\n","protected":false},"excerpt":{"rendered":"<p>C\u00e9dric Berthelin, pour les supporters lensois ayant quelques ann\u00e9es derri\u00e8re eux, le nom leur dit peut-\u00eatre quelque chose&#8230; Et ils ont raison puisque celui-ci a \u00e9t\u00e9 form\u00e9 \u00e0 Lens en tant que gardien de 1989 \u00e0 2001. Il a m\u00eame termin\u00e9 gardien rempla\u00e7ant de l&rsquo;\u00e9quipe premi\u00e8re qui a connu le titre de champion de France &hellip; <a href=\"https:\/\/www.sitercl.com\/News\/?p=14126\" class=\"more-link\">Continuer la lecture<span class=\"screen-reader-text\"> de &laquo;&nbsp;C\u00e9dric Berthelin revient au club&nbsp;&raquo;<\/span><\/a><\/p>\n","protected":false},"author":2,"featured_media":0,"comment_status":"closed","ping_status":"open","sticky":false,"template":"","format":"standard","meta":{"footnotes":""},"categories":[2],"tags":[705,127,64,107,58],"class_list":["post-14126","post","type-post","status-publish","format-standard","hentry","category-infos","tag-berthelin","tag-gardien","tag-mercato","tag-staff","tag-transfert"],"_links":{"self":[{"href":"https:\/\/www.sitercl.com\/News\/index.php?rest_route=\/wp\/v2\/posts\/14126","targetHints":{"allow":["GET"]}}],"collection":[{"href":"https:\/\/www.sitercl.com\/News\/index.php?rest_route=\/wp\/v2\/posts"}],"about":[{"href":"https:\/\/www.sitercl.com\/News\/index.php?rest_route=\/wp\/v2\/types\/post"}],"author":[{"embeddable":true,"href":"https:\/\/www.sitercl.com\/News\/index.php?rest_route=\/wp\/v2\/users\/2"}],"replies":[{"embeddable":true,"href":"https:\/\/www.sitercl.com\/News\/index.php?rest_route=%2Fwp%2Fv2%2Fcomments&post=14126"}],"version-history":[{"count":1,"href":"https:\/\/www.sitercl.com\/News\/index.php?rest_route=\/wp\/v2\/posts\/14126\/revisions"}],"predecessor-version":[{"id":14127,"href":"https:\/\/www.sitercl.com\/News\/index.php?rest_route=\/wp\/v2\/posts\/14126\/revisions\/14127"}],"wp:attachment":[{"href":"https:\/\/www.sitercl.com\/News\/index.php?rest_route=%2Fwp%2Fv2%2Fmedia&parent=14126"}],"wp:term":[{"taxonomy":"category","embeddable":true,"href":"https:\/\/www.sitercl.com\/News\/index.php?rest_route=%2Fwp%2Fv2%2Fcategories&post=14126"},{"taxonomy":"post_tag","embeddable":true,"href":"https:\/\/www.sitercl.com\/News\/index.php?rest_route=%2Fwp%2Fv2%2Ftags&post=14126"}],"curies":[{"name":"wp","href":"https:\/\/api.w.org\/{rel}","templated":true}]}}