{"id":14132,"date":"2025-01-10T19:02:27","date_gmt":"2025-01-10T18:02:27","guid":{"rendered":"https:\/\/www.sitercl.com\/News\/?p=14132"},"modified":"2025-01-10T19:02:27","modified_gmt":"2025-01-10T18:02:27","slug":"les-supporters-regroupes-au-havre","status":"publish","type":"post","link":"https:\/\/www.sitercl.com\/News\/?p=14132","title":{"rendered":"Les supporters regroup\u00e9s au Havre"},"content":{"rendered":"<div class=\"wp-block-image\">\n<figure class=\"alignright size-large\"><img decoding=\"async\" src=\"https:\/\/www.sitercl.com\/STADE0\/public.jpg\" alt=\"\"\/><\/figure>\n<\/div>\n\n\n<p>Le pr\u00e9fet de la Seine-Maritime <a href=\"https:\/\/www.sitercl.com\/News\/?p=14037\">a entendu<\/a> les Lensois&#8230; Les supporters Sang et Or qui ont achet\u00e9 des tickets dans les autres tribunes du Stade Oc\u00e9ane pour le match de dimanche au HAC pourront se regrouper. Voici les modalit\u00e9s :<\/p>\n\n\n\n<p><em>La commission de discipline de la Ligue de Football Professionnel avait d\u00e9cid\u00e9, le 11 d\u00e9cembre dernier, de sanctionner le RC Lens par la fermeture de l\u2019espace visiteurs pour la 17e journ\u00e9e de Ligue 1 McDonald\u2019s au Havre.<\/em><\/p>\n\n\n\n<p><em>Le Racing informe ses sympathisants que la Pr\u00e9fecture de la Seine-Maritime a pris ce vendredi la d\u00e9cision de r\u00e9quisitionner cet espace afin de rassembler les supporters lensois d\u00e9j\u00e0 titulaires d\u2019un billet pour l\u2019une des tribunes du Stade Oc\u00e9ane.<\/em><\/p>\n\n\n\n<p><em>Ainsi, le club incite vivement ses suiveurs d\u00e9tenteurs d\u2019un titre d\u2019acc\u00e8s pour assister \u00e0 HAC-RCL en tribune \u00ab\u00a0havraise\u00a0\u00bb \u00e0 se rendre en parcage (acc\u00e8s via Porte G).<\/em><\/p>\n\n\n\n<p><em>De plus, dans le cadre d\u2019un arr\u00eat\u00e9 d\u2019encadrement pris par la Pr\u00e9fecture du 76, les supporters du Racing qui se d\u00e9placent au Havre devront se rendre au point de rendez-vous. Celui-ci est fix\u00e9 \u00e0 12h30 au p\u00e9age de Saint-Romain de Colbosc quel que soit le mode de transport (bus, minibus, v\u00e9hicule individuel). Ils sont ensuite invit\u00e9s \u00e0 se stationner sur le parking visiteurs (acc\u00e8s via P3).<\/em><\/p>\n\n\n\n<p><em>\u00c0 noter que, conform\u00e9ment \u00e0 la d\u00e9cision prise par la LFP de fermer l\u2019espace r\u00e9serv\u00e9 aux supporters lensois, aucune vente de billet pour le parcage ne pourra avoir lieu, et que l\u2019acc\u00e8s \u00e0 la Tribune Nord de l\u2019enceinte normande sera strictement interdit aux aficionados sang et or.<\/em><\/p>\n","protected":false},"excerpt":{"rendered":"<p>Le pr\u00e9fet de la Seine-Maritime a entendu les Lensois&#8230; Les supporters Sang et Or qui ont achet\u00e9 des tickets dans les autres tribunes du Stade Oc\u00e9ane pour le match de dimanche au HAC pourront se regrouper. Voici les modalit\u00e9s : La commission de discipline de la Ligue de Football Professionnel avait d\u00e9cid\u00e9, le 11 d\u00e9cembre &hellip; <a href=\"https:\/\/www.sitercl.com\/News\/?p=14132\" class=\"more-link\">Continuer la lecture<span class=\"screen-reader-text\"> de &laquo;&nbsp;Les supporters regroup\u00e9s au Havre&nbsp;&raquo;<\/span><\/a><\/p>\n","protected":false},"author":2,"featured_media":0,"comment_status":"closed","ping_status":"open","sticky":false,"template":"","format":"standard","meta":{"footnotes":""},"categories":[2],"tags":[103,112,151,14],"class_list":["post-14132","post","type-post","status-publish","format-standard","hentry","category-infos","tag-deplacement","tag-le-havre","tag-ligue-1","tag-supporters"],"_links":{"self":[{"href":"https:\/\/www.sitercl.com\/News\/index.php?rest_route=\/wp\/v2\/posts\/14132","targetHints":{"allow":["GET"]}}],"collection":[{"href":"https:\/\/www.sitercl.com\/News\/index.php?rest_route=\/wp\/v2\/posts"}],"about":[{"href":"https:\/\/www.sitercl.com\/News\/index.php?rest_route=\/wp\/v2\/types\/post"}],"author":[{"embeddable":true,"href":"https:\/\/www.sitercl.com\/News\/index.php?rest_route=\/wp\/v2\/users\/2"}],"replies":[{"embeddable":true,"href":"https:\/\/www.sitercl.com\/News\/index.php?rest_route=%2Fwp%2Fv2%2Fcomments&post=14132"}],"version-history":[{"count":1,"href":"https:\/\/www.sitercl.com\/News\/index.php?rest_route=\/wp\/v2\/posts\/14132\/revisions"}],"predecessor-version":[{"id":14133,"href":"https:\/\/www.sitercl.com\/News\/index.php?rest_route=\/wp\/v2\/posts\/14132\/revisions\/14133"}],"wp:attachment":[{"href":"https:\/\/www.sitercl.com\/News\/index.php?rest_route=%2Fwp%2Fv2%2Fmedia&parent=14132"}],"wp:term":[{"taxonomy":"category","embeddable":true,"href":"https:\/\/www.sitercl.com\/News\/index.php?rest_route=%2Fwp%2Fv2%2Fcategories&post=14132"},{"taxonomy":"post_tag","embeddable":true,"href":"https:\/\/www.sitercl.com\/News\/index.php?rest_route=%2Fwp%2Fv2%2Ftags&post=14132"}],"curies":[{"name":"wp","href":"https:\/\/api.w.org\/{rel}","templated":true}]}}