{"id":14183,"date":"2025-01-17T19:47:19","date_gmt":"2025-01-17T18:47:19","guid":{"rendered":"https:\/\/www.sitercl.com\/News\/?p=14183"},"modified":"2025-01-18T11:12:08","modified_gmt":"2025-01-18T10:12:08","slug":"presentation-de-lens-psg-2","status":"publish","type":"post","link":"https:\/\/www.sitercl.com\/News\/?p=14183","title":{"rendered":"Pr\u00e9sentation de Lens &#8211; PSG"},"content":{"rendered":"<div class=\"wp-block-image\">\n<figure class=\"alignright size-large\"><img decoding=\"async\" src=\"https:\/\/www.sitercl.com\/Clubs\/France\/parissg.gif\" alt=\"\"\/><\/figure>\n<\/div>\n\n\n<p>A peine un mois apr\u00e8s sa rencontre des 32es de finale de la Coupe de France, le RC Lens re\u00e7oit samedi (coup d&rsquo;envoi \u00e0 17h) de nouveau le PSG au stade Bollaert-Delelis mais cette fois donc pour le compte de la 18e journ\u00e9e de Ligue 1 McDonald&rsquo;s. Certainement pas l&rsquo;adversaire le plus facile pour disputer le premier match de la phase retour du championnat !<\/p>\n\n\n\n<p>En effet, comme tr\u00e8s souvent ces derni\u00e8res saisons, le Paris Saint-Germain caracole en t\u00eate du classement. 43 points \u00e0 son actif avec 13 victoires, 4 nuls et aucune d\u00e9faite durant cette premi\u00e8re partie du championnat ! D\u00e9j\u00e0 sept points d&rsquo;avance sur le deuxi\u00e8me l&rsquo;OM, douze sur le troisi\u00e8me, l&rsquo;AS Monaco, et seize sur les Lensois, septi\u00e8me de L1&#8230;<\/p>\n\n\n\n<p>A l&rsquo;ext\u00e9rieur, on notera que l&rsquo;OM fait mieux que le PSG car m\u00eame si les Phoc\u00e9ens ont perdu une rencontre, ils n&rsquo;ont jamais obtenu de nul ce qui n&rsquo;est pas le cas des joueurs de la Capitale (5 victoires et 3 nuls).<\/p>\n\n\n\n<p>Le PSG a la meilleure attaque de L1 (46 buts marqu\u00e9s) et la meilleure d\u00e9fense du championnat (15 buts encaiss\u00e9s).<\/p>\n\n\n\n<p>Bradley Barcola et Ousmane Demb\u00e9l\u00e9 sont 3e et 4e du classement des buteurs avec 10 buts inscrits chacun. Des joueurs Parisiens qui occupent aussi la 2e, 3e et 4e place des passeurs d\u00e9cisives du championnat (Hakimi, Joao Neves et Asensio).<\/p>\n\n\n\n<p><strong>Forme actuelle du PSG <\/strong>:<\/p>\n\n\n\n<p>Si les r\u00e9sultats du PSG en Ligue des Champions sont loin d&rsquo;\u00eatre exceptionnels (25e pour le moment sur 36 clubs), pour les autres comp\u00e9titions, il reste encore invaincu cette saison&#8230;<\/p>\n\n\n\n<p>16e de finale de la CdF, Espaly-Saint-Marcel (N3) 2-4 PSG<br>17e journ\u00e9e L1, PSG 2-1 ASSE<br>Troph\u00e9e des Champions, PSG 1-0 Monaco<br>32e de finale de la CdF, Lens 1-1 t.a.b. 3-4 PSG<br>16e journ\u00e9e L1, Monaco 2-4 PSG<br>15e journ\u00e9e L1, PSG 3-1 Lyon<br>6e journ\u00e9e Uefa LC, Salzbourg 0-3 PSG<br>14e journ\u00e9e L1, Auxerre 0-0 PSG<\/p>\n\n\n\n<p><strong>Les groupes<\/strong> :<\/p>\n\n\n\n<p><em>Pour le RC Lens&#8230;<\/em><br>Koffi, Delplace, Boukemouche  \u2013 Aguilar, Machado, Medina, Sarr, Gradit, Frankowski \u2013 Pereira Da Costa, Fulgini, Diouf, Ojediran, El-Aynaoui, Mendy, Thomasson, Zaroury \u2013 Sotoca, Nzola, Koyalipou, Sa\u00efd.<\/p>\n\n\n\n<p>Bonne nouvelle, Ruben Aguilar, Neil El Aynaoui et Wesley Sa\u00efd font leur retour dans le groupe mais c&rsquo;est bien s\u00fbr encore peu par rapport \u00e0 l&rsquo;ensemble des joueurs forfaits : R\u00e9my\u00a0Labeau-Lascary (genou), Martin Satriano (genou), Jhoanner Ch\u00e1vez\u00a0(cheville), Denis Petric (dos &#8211; c&rsquo;est le jeune gardien Amine\u00a0Boukemouche 19 ans qjui a donc \u00e9t\u00e9 convoqu\u00e9 en plus) et Kevin Danso (suspendu).<\/p>\n\n\n\n<p>Touch\u00e9 aux ischios et qui s\u2019est entra\u00een\u00e9 individuellement pendant les premiers jours de la semaine, Angelo Fulgini est bien pr\u00e9sent dans le groupe mais il risque donc de ne pas \u00eatre titulaire voire rester sur le banc.<\/p>\n\n\n\n<p>Si l&rsquo;officialisation du d\u00e9part d&rsquo;Abdukodir Khusanov n&rsquo;est toujours pas communiqu\u00e9e au moment de la pr\u00e9sentation du groupe, son nom n&rsquo;est toutefois plus \u00e9voqu\u00e9&#8230;<\/p>\n\n\n\n<p><em>Pour le PSG&#8230;<\/em><br>Donnarumma,\u00a0Safonov, Tenas; Kimpembe, Pacho, Hernandez, Beraldo, Zague, Mendes, Tape; Ruiz, Neves, Vitinha, Za\u00efre-Emery, Lee, Mayulu; Barcola, Ramos, Dou\u00e9, Asensio<\/p>\n\n\n\n<p>Marquinhos est pr\u00e9serv\u00e9 apr\u00e8s une g\u00eane aux adducteurs. Ibrahim Mbaye soigne lui une entorse de la cheville gauche. Quant \u00e0 Ousmane\u00a0Demb\u00e9l\u00e9, il\u00a0a un virus grippal il ne sera donc pas align\u00e9 pour la rencontre. Une surprise aussi dans ce groupe o\u00f9 Achraf Hakimi n&rsquo;a pas \u00e9t\u00e9 convoqu\u00e9 (sans plus d&rsquo;information).<\/p>\n\n\n\n<p>La derni\u00e8re recrue parisienne provenant de Naples, l&rsquo;attaquant Georgien, Khvitcha Kvaratskhelia, n&rsquo;est pas du voyage.<\/p>\n\n\n\n<p><em>L&rsquo;arbitre&#8230;<\/em><br>Pour <a href=\"https:\/\/www.sitercl.com\/News\/?post_type=post&amp;p=14176\">rappel<\/a>, il s&rsquo;agit de M. J\u00e9r\u00e9mie PIGNARD.<\/p>\n\n\n\n<p><strong>Confrontations entre les deux clubs<\/strong> :<\/p>\n\n\n\n<p>Le RC Lens aura donc r\u00e9ussi \u00e0 pousser les Parisiens \u00e0 la s\u00e9ance de tirs au but lors des 32es de finale de la Coupe de France, il y a \u00e0 peine un mois (<a href=\"https:\/\/www.sitercl.com\/Matches\/2024-25\/France\/Domicile\/parissg.htm\">1-1<\/a> t.a.b. 3-4).<\/p>\n\n\n\n<p>C&rsquo;est mieux bien s\u00fbr que la d\u00e9faite lors du match aller du championnat au Parc des Princes (<a href=\"https:\/\/www.sitercl.com\/Matches\/2024-25\/Champion\/Ext\/parissg.htm\">1-0<\/a>, 10e journ\u00e9e) ou encore la rencontre de la saison pass\u00e9e \u00e0 la m\u00eame \u00e9poque o\u00f9 les Lensois \u00e0 domicile s&rsquo;\u00e9taient inclin\u00e9s (<a href=\"https:\/\/www.sitercl.com\/Matches\/2023-24\/Champion\/Domicile\/parissg.htm\">0-2<\/a>). On aimerait retrouver plut\u00f4t ce samedi le r\u00e9sultat de la saison 2022\/2023 avec une tr\u00e8s belle victoire Sang et Or \u00e0 Bollaert-Delelis (<a href=\"https:\/\/www.sitercl.com\/Matches\/2022-23\/Champion\/Domicile\/parissg.htm\">3-1<\/a>).<\/p>\n\n\n<div class=\"wp-block-image\">\n<figure class=\"aligncenter size-full\"><img loading=\"lazy\" decoding=\"async\" width=\"250\" height=\"194\" src=\"https:\/\/www.sitercl.com\/News\/wp-content\/uploads\/2023\/01\/RCL3PSG1.jpg\" alt=\"\" class=\"wp-image-9162\"\/><\/figure>\n<\/div>\n\n\n<p>Un exploit quand on sait que le PSG n&rsquo;a finalement perdu que 2 de ses 22 derniers matches toutes comp\u00e9titions confondues face aux Lensois !<\/p>\n\n\n\n<p>=&gt; Retour sur <a href=\"https:\/\/www.sitercl.com\/Clubs\/France\/parissg.htm\">les r\u00e9sultats<\/a> des derni\u00e8res saisons entre les deux clubs&#8230;<\/p>\n\n\n\n<p><strong>Quelques stats<\/strong> :<br>&#8211; Le RCL est le troisi\u00e8me club de L1 en nombre de cartons jaunes re\u00e7us (44, derri\u00e8re Montpellier et le LOSC) depuis le d\u00e9but de la saison, troisi\u00e8me aussi pour le nombre de cartons rouge (4, derri\u00e8re Montpellier et l&rsquo;OM). Et quatri\u00e8me pour le nombre total de matches de suspension de ses joueurs (12, derri\u00e8re Montpellier, l&rsquo;ASSE et Nice).<br>&#8211; Par rapport \u00e0 la saison pass\u00e9e apr\u00e8s 17 journ\u00e9e de championnat, le RC Lens a un point de plus \u00e0 son actif mais est au m\u00eame niveau au classement (7e).<br>&#8211; C\u2019est la 11e fois de l\u2019Histoire qu\u2019une \u00e9quipe, comme le PSG cette saison, est invaincue \u00e0 ce stade de la Ligue 1.<br>&#8211; Mais c&rsquo;est d\u00e9j\u00e0 la 6e fois de son histoire que le PSG compte 43 points ou plus apr\u00e8s 17 matches de Ligue 1.<br>&#8211; Le PSG a pris 22 points sur 24 possibles lors des matches aller du championnat contre des autres \u00e9quipes de la premi\u00e8re moiti\u00e9 du classement.<\/p>\n\n\n\n<p><strong>Quelques informations suppl\u00e9mentaires<\/strong> :<br>&#8211; Ce match sera diffus\u00e9 en direct sur beIN Sports 1 et en d\u00e9cal\u00e9 sur DAZN.<br>&#8211; Comme lors du match en Coupe de France, les supporters parisiens seront bien pr\u00e9sents \u00e0 Bollaert-Delelis, toutefois ils seront encadr\u00e9s (arr\u00eat\u00e9 pr\u00e9fectoral pour qu&rsquo;ils n&rsquo;affichent pas leurs couleurs dans plusieurs secteurs de Lens, Li\u00e9vin, Avion et Arras et regroupement des bus sur l\u2019aire de la Cressonni\u00e8re, sur l\u2019A26, \u00e0 13&nbsp;heures).<br>\u2013 Le&nbsp;parvis du stade est accessible d\u00e8s 3h00 avant le coup d\u2019envoi. Des espaces de restauration comme des friteries et des am\u00e9nagements d\u2019accueil (bancs, tables) sont \u00e0 disposition derri\u00e8re chacune des tribunes.&nbsp;L\u2019ouverture des portes des tribunes se fait 1h30 avant le coup d\u2019envoi.<br>\u2013 Moyen de transport garantissant l\u2019acc\u00e8s au stade en 12 minutes, la Navette Bollaert-Delelis permet de&nbsp;rallier l\u2019enceinte art\u00e9sienne depuis l\u2019Arena Stade Couvert de Li\u00e9vin ou le parking CRVO de Lens lors des rencontres \u00e0 domicile des Sang et Or. Rappel, elle est 100% gratuite et d\u00e9mat\u00e9rialis\u00e9e gr\u00e2ce \u00e0 l\u2019application RC Lens sur votre smartphone.<\/p>\n","protected":false},"excerpt":{"rendered":"<p>A peine un mois apr\u00e8s sa rencontre des 32es de finale de la Coupe de France, le RC Lens re\u00e7oit samedi (coup d&rsquo;envoi \u00e0 17h) de nouveau le PSG au stade Bollaert-Delelis mais cette fois donc pour le compte de la 18e journ\u00e9e de Ligue 1 McDonald&rsquo;s. Certainement pas l&rsquo;adversaire le plus facile pour disputer &hellip; <a href=\"https:\/\/www.sitercl.com\/News\/?p=14183\" class=\"more-link\">Continuer la lecture<span class=\"screen-reader-text\"> de &laquo;&nbsp;Pr\u00e9sentation de Lens &#8211; PSG&nbsp;&raquo;<\/span><\/a><\/p>\n","protected":false},"author":2,"featured_media":0,"comment_status":"closed","ping_status":"open","sticky":false,"template":"","format":"standard","meta":{"footnotes":""},"categories":[2],"tags":[11,151,131,12],"class_list":["post-14183","post","type-post","status-publish","format-standard","hentry","category-infos","tag-groupes","tag-ligue-1","tag-psg","tag-stats"],"_links":{"self":[{"href":"https:\/\/www.sitercl.com\/News\/index.php?rest_route=\/wp\/v2\/posts\/14183","targetHints":{"allow":["GET"]}}],"collection":[{"href":"https:\/\/www.sitercl.com\/News\/index.php?rest_route=\/wp\/v2\/posts"}],"about":[{"href":"https:\/\/www.sitercl.com\/News\/index.php?rest_route=\/wp\/v2\/types\/post"}],"author":[{"embeddable":true,"href":"https:\/\/www.sitercl.com\/News\/index.php?rest_route=\/wp\/v2\/users\/2"}],"replies":[{"embeddable":true,"href":"https:\/\/www.sitercl.com\/News\/index.php?rest_route=%2Fwp%2Fv2%2Fcomments&post=14183"}],"version-history":[{"count":12,"href":"https:\/\/www.sitercl.com\/News\/index.php?rest_route=\/wp\/v2\/posts\/14183\/revisions"}],"predecessor-version":[{"id":14213,"href":"https:\/\/www.sitercl.com\/News\/index.php?rest_route=\/wp\/v2\/posts\/14183\/revisions\/14213"}],"wp:attachment":[{"href":"https:\/\/www.sitercl.com\/News\/index.php?rest_route=%2Fwp%2Fv2%2Fmedia&parent=14183"}],"wp:term":[{"taxonomy":"category","embeddable":true,"href":"https:\/\/www.sitercl.com\/News\/index.php?rest_route=%2Fwp%2Fv2%2Fcategories&post=14183"},{"taxonomy":"post_tag","embeddable":true,"href":"https:\/\/www.sitercl.com\/News\/index.php?rest_route=%2Fwp%2Fv2%2Ftags&post=14183"}],"curies":[{"name":"wp","href":"https:\/\/api.w.org\/{rel}","templated":true}]}}