{"id":14404,"date":"2025-02-10T19:05:18","date_gmt":"2025-02-10T18:05:18","guid":{"rendered":"https:\/\/www.sitercl.com\/News\/?p=14404"},"modified":"2025-02-13T19:50:27","modified_gmt":"2025-02-13T18:50:27","slug":"nantes-lens-un-dimanche-a-15h","status":"publish","type":"post","link":"https:\/\/www.sitercl.com\/News\/?p=14404","title":{"rendered":"J23: Nantes &#8211; Lens un dimanche \u00e0 15h"},"content":{"rendered":"<div class=\"wp-block-image\">\n<figure class=\"alignright size-large\"><img decoding=\"async\" src=\"https:\/\/www.sitercl.com\/Clubs\/France\/nantesfc.gif\" alt=\"\"\/><\/figure>\n<\/div>\n\n\n<p>La programmation TV de la 23e journ\u00e9e de Ligue 1 McDonald&rsquo;s a \u00e9t\u00e9 communiqu\u00e9e. La rencontre entre le FC Nantes et le RC Lens comptant pour cette journ\u00e9e de championnat se d\u00e9roulera le dimanche\u00a023 f\u00e9vrier 2025 \u00e0 partir de 15h00 et sera difus\u00e9e sur DAZN&#8230;<\/p>\n\n\n\n<p><strong>Le programme de la 23e journ\u00e9e de L1 <\/strong>:<br><em>Vendredi 21 f\u00e9vrier 2025 \u00e0 20h45 sur DAZN<\/em><br>Stade Rennais FC &#8211; Stade de Reims<\/p>\n\n\n\n<p><em>Samedi 22 f\u00e9vrier 2025 \u00e0 17h00 sur beIN SPORTS 1\u00a0<\/em><br>LOSC Lille &#8211; AS Monaco<\/p>\n\n\n\n<p><em>Samedi 22 f\u00e9vrier 2025 \u00e0 19h00 sur DAZN<\/em><br>AS Saint-Etienne &#8211; Angers SCO<\/p>\n\n\n\n<p><em>Samedi 22 f\u00e9vrier 2025 \u00e0 21h05 sur DAZN<\/em><br>AJ Auxerre &#8211; Olympique de Marseille\u00a0<\/p>\n\n\n\n<p><em>Dimanche 23 f\u00e9vrier 2025 \u00e0 15h00 sur DAZN<\/em><br><strong>FC Nantes &#8211; RC Lens<\/strong><\/p>\n\n\n\n<p><em>Dimanche 23 f\u00e9vrier 2025 \u00e0 17h15 sur DAZN<\/em><br>OGC Nice &#8211; Montpellier H\u00e9rault SC<br>RC Strasbourg Alsace &#8211; Stade Brestois 29<br>Havre AC &#8211; Toulouse FC<\/p>\n\n\n\n<p><em>Dimanche 23 f\u00e9vrier 2025 \u00e0 20h45 sur DAZN<\/em><br>Olympique Lyonnais \u2013 Paris Saint-Germain<\/p>\n","protected":false},"excerpt":{"rendered":"<p>La programmation TV de la 23e journ\u00e9e de Ligue 1 McDonald&rsquo;s a \u00e9t\u00e9 communiqu\u00e9e. La rencontre entre le FC Nantes et le RC Lens comptant pour cette journ\u00e9e de championnat se d\u00e9roulera le dimanche\u00a023 f\u00e9vrier 2025 \u00e0 partir de 15h00 et sera difus\u00e9e sur DAZN&#8230; Le programme de la 23e journ\u00e9e de L1 :Vendredi 21 &hellip; <a href=\"https:\/\/www.sitercl.com\/News\/?p=14404\" class=\"more-link\">Continuer la lecture<span class=\"screen-reader-text\"> de &laquo;&nbsp;J23: Nantes &#8211; Lens un dimanche \u00e0 15h&nbsp;&raquo;<\/span><\/a><\/p>\n","protected":false},"author":2,"featured_media":0,"comment_status":"closed","ping_status":"open","sticky":false,"template":"","format":"standard","meta":{"footnotes":""},"categories":[2],"tags":[667,151,109,17,38],"class_list":["post-14404","post","type-post","status-publish","format-standard","hentry","category-infos","tag-dazn","tag-ligue-1","tag-nantes","tag-programme","tag-tv"],"_links":{"self":[{"href":"https:\/\/www.sitercl.com\/News\/index.php?rest_route=\/wp\/v2\/posts\/14404","targetHints":{"allow":["GET"]}}],"collection":[{"href":"https:\/\/www.sitercl.com\/News\/index.php?rest_route=\/wp\/v2\/posts"}],"about":[{"href":"https:\/\/www.sitercl.com\/News\/index.php?rest_route=\/wp\/v2\/types\/post"}],"author":[{"embeddable":true,"href":"https:\/\/www.sitercl.com\/News\/index.php?rest_route=\/wp\/v2\/users\/2"}],"replies":[{"embeddable":true,"href":"https:\/\/www.sitercl.com\/News\/index.php?rest_route=%2Fwp%2Fv2%2Fcomments&post=14404"}],"version-history":[{"count":2,"href":"https:\/\/www.sitercl.com\/News\/index.php?rest_route=\/wp\/v2\/posts\/14404\/revisions"}],"predecessor-version":[{"id":14418,"href":"https:\/\/www.sitercl.com\/News\/index.php?rest_route=\/wp\/v2\/posts\/14404\/revisions\/14418"}],"wp:attachment":[{"href":"https:\/\/www.sitercl.com\/News\/index.php?rest_route=%2Fwp%2Fv2%2Fmedia&parent=14404"}],"wp:term":[{"taxonomy":"category","embeddable":true,"href":"https:\/\/www.sitercl.com\/News\/index.php?rest_route=%2Fwp%2Fv2%2Fcategories&post=14404"},{"taxonomy":"post_tag","embeddable":true,"href":"https:\/\/www.sitercl.com\/News\/index.php?rest_route=%2Fwp%2Fv2%2Ftags&post=14404"}],"curies":[{"name":"wp","href":"https:\/\/api.w.org\/{rel}","templated":true}]}}