{"id":14423,"date":"2025-02-15T19:24:47","date_gmt":"2025-02-15T18:24:47","guid":{"rendered":"https:\/\/www.sitercl.com\/News\/?p=14423"},"modified":"2025-02-16T23:29:05","modified_gmt":"2025-02-16T22:29:05","slug":"presentation-de-lens-strasbourg-2","status":"publish","type":"post","link":"https:\/\/www.sitercl.com\/News\/?p=14423","title":{"rendered":"Pr\u00e9sentation de Lens &#8211; Strasbourg"},"content":{"rendered":"<div class=\"wp-block-image\">\n<figure class=\"alignright size-large\"><img decoding=\"async\" src=\"https:\/\/www.sitercl.com\/Clubs\/France\/strasbrc.gif\" alt=\"\"\/><\/figure>\n<\/div>\n\n\n<p>Ce dimanche \u00e0 Bollaert-Delelis (coup d&rsquo;envoi \u00e0 17h15), pour le compte de la 22e journ\u00e9e de Ligue 1 McDonald&rsquo;s, le RC Lens essayera de faire oublier face au RC Strasbourg-Alsace sa contre performance de la semaine derni\u00e8re face \u00e0 l&rsquo;OGC Nice.<\/p>\n\n\n\n<p>Les Alsaciens qui restent toutefois toujours difficile \u00e0 jouer. Ils sont actullement 9e du classement g\u00e9n\u00e9ral avec 30 points \u00e0 leur actif correspondant \u00e0 8 victoires, 6 nuls et 7 d\u00e9faites. Mais les Sang et Or auront l&rsquo;avantage de leur terrain, Strasbourg n&rsquo;\u00e9tant que 14e \u00e0 l&rsquo;ext\u00e9rieur avec 2 victoires (\u00e0 Toulouse et au Havre), 3 nuls et 6 d\u00e9faites.<\/p>\n\n\n\n<p>6e meilleure attaque du championnat avec 35 buts incrits dont 9 par Emanuel Emegha (7e du championnat).<br>Le meilleur passeur du club est Dilane Bakwa avec 6 passes d\u00e9cisives depuis le d\u00e9but de la saison (co-leader du championnat).<\/p>\n\n\n\n<p><strong>Les derniers r\u00e9sultats de Strasbourg <\/strong> :<br>En championnat, le RCSA reste sur une seule d\u00e9faite lors de ses huit derni\u00e8res rencontres (dont 5 victoires). La derni\u00e8re d\u00e9faite remonte toutefois lors de son dernier d\u00e9placement \u00e0 Rennes.<\/p>\n\n\n\n<p>J21 de L1, Strasbourg 2-0 Montpellier<br>8e de finale CdF, Strasbourg 1-3 Angers<br>J20 de L1, Rennes 1-0 Strasbourg<br>J19 de L1, Strasbourg 2-1 Lille<br>J18 de L1, OM 1-1 Strasbourg<br>16e de finale CdF, Thaon (N3) 2-2 t.a.b. 3-5 Strasbourg<br>J17 de L1, Toulouse 1-2 Strasbourg<\/p>\n\n\n\n<p><strong>Les groupes<\/strong> :<\/p>\n\n\n\n<p><em>Pour le RC Lens&#8230;<\/em><br>Koffi, Delplace \u2013 Aguilar, Machado, Gradit, Bah, Sarr, Pouilly \u2013 Fulgini, Diouf, Ojediran, El-Aynaoui, Thomasson, Mendy, Zaroury \u2013 Nzola, Koyalipou, Sa\u00efd, Sotoca, Agbonifo.<\/p>\n\n\n\n<p>Facundo Medina est suspendu pour la rencontre suite \u00e0 son carton rouge re\u00e7u face \u00e0 Nice. Il faudra faire aussi bien s\u00fbr sans les bless\u00e9s de longue date : Martin Statriano, Remy Labeau-Lascary et Jhoanner Chavez. Le troisi\u00e8me gardien du club, Denis Petric, n&rsquo;est toujours pas apte pour cause de douleurs \u00e0 son dos, tout comme Mathew Ryan (hanche). Bonne nouvelle par contre pour Aguilar qui fait son retour dans le groupe.<\/p>\n\n\n\n<p><em>Pour le RC Strasbourg-Alsace&#8230;<\/em><br>11 de d\u00e9part : Petrovic &#8211; Sarr, Omobamidele, Doukoure &#8211; Barco, Diarra, Santos, Moreira &#8211; Nanasi, Lemar\u00e9chal &#8211; Emegha<\/p>\n\n\n\n<p>Mo\u00efse Sahi Dion (tendon d&rsquo;achille) et Thomas Delaine sont forfaits. Isma\u00ebl Doukoure est suspendu et Oscar Perea est en s\u00e9lection. Dilane Bakwa fait lui par contre son retour.<\/p>\n\n\n\n<p><em>L&rsquo;arbitre&#8230;<\/em><br>Pour <a href=\"https:\/\/www.sitercl.com\/News\/?post_type=post&amp;p=14411\">rappel<\/a>, il s&rsquo;agit de M. Beno\u00eet MILLOT.<\/p>\n\n\n\n<p><strong>Confrontations entre les deux clubs<\/strong> :<\/p>\n\n\n\n<p>Lors du match aller (7e journ\u00e9e du championna), le RC Lens avait \u00e9t\u00e9 prendre le point du match nul \u00e0 Strasbourg (<a href=\"https:\/\/www.sitercl.com\/Matches\/2024-25\/Champion\/Ext\/strasbrc.htm\">2-2<\/a>) avec toutefois le regret d&rsquo;avoir men\u00e9 par deux fois au score.<\/p>\n\n\n\n<p>A Bollaert-Delelis, les Sang et Or restent sur deux victoires dont celle de la saison pass\u00e9e sur le score de <a href=\"https:\/\/www.sitercl.com\/Matches\/2023-24\/Champion\/Domicile\/strasbrc.htm\">3-1<\/a>. Auparavant, depuis donc leur retour dans l&rsquo;\u00e9lite, les Lensois avaient perdu deux fois sur le m\u00eame score de 0-1.<\/p>\n\n\n\n<p><a href=\"https:\/\/www.sitercl.com\/Clubs\/France\/strasbrc.htm\">Le bilan<\/a> \u00e0 domicile des Lensois en L1 face \u00e0 Strasbourg restent historiquement plut\u00f4t en leur faveur. <\/p>\n\n\n\n<p><strong>Quelques stats <\/strong>:<br>&#8211; Lens n&rsquo;a perdu aucun de ses cinq derniers matches contre Strasbourg en Ligue 1 (3 victoires, 2 nuls), apr\u00e8s s&rsquo;\u00eatre inclin\u00e9 lors de trois des quatre pr\u00e9c\u00e9dents (1 succ\u00e8s).<br>&#8211; Ce dimanche, le stade Bollaert-Delelis affichera guichets ferm\u00e9s pour la 61<sup>e<\/sup>&nbsp;fois cons\u00e9cutive en match officiel.<br>&#8211; Le RCL reste sur 15 matches de suite en championnat avec au moins un but inscrit d&rsquo;un c\u00f4t\u00e9 ou de l&rsquo;autre.<br>&#8211; Andrey Santos, milieu de terrain du RCSA, se distingue par des statistiques impressionnantes cette saison. Le journaliste Cyril Oliv\u00e8s-Berthet de<em> L\u2019\u00c9quipe <\/em>souligne que Santos est actuellement le seul joueur dans le Top 5 europ\u00e9en \u00e0&nbsp;cumuler au moins 100 duels gagn\u00e9s, 50 tacles r\u00e9ussis et 25 fautes gagn\u00e9es.&nbsp;Sa performance ne s\u2019arr\u00eate pas l\u00e0, avec 8 buts et 3 passes d\u00e9cisives \u00e0 son actif.<br>&#8211; Emanuel Emegha va disputer son 50<sup>e<\/sup> match sous les couleurs de Strasbourg. Il a marqu\u00e9 18 buts lors de ses 49 premi\u00e8res rencontres.<\/p>\n\n\n\n<p><strong>Quelques informations suppl\u00e9mentaires<\/strong> :<br>&#8211; Cette rencontre sera diffus\u00e9e en direct sur DAZN. Ce dernier qui est actuellement en conflit avec la LFP car il lui reproche de ne pas faire assez contre le piratage et parce que certains clubs lui mettraient des freins pour une r\u00e9alisation optimale des rencontres (ex: acc\u00e8s aux vestiaires, interview des joueurs juste apr\u00e8s le match&#8230;). Cons\u00e9quence, le diffuseur n&rsquo;a pay\u00e9 actuellement que la moiti\u00e9 de ce qu&rsquo;il devait lors de son dernier r\u00e9glement de ces derniers jours.<br>&#8211; <em>\u00ab&nbsp;Au nord, c\u2019\u00e9taient les corons\u2026&nbsp;\u00bb<\/em>&nbsp;Le RCL a une pens\u00e9e pour Pierre Bachelet, disparu le 15 f\u00e9vrier 2005. En hommage \u00e0 l&rsquo;artiste, l\u2019interpr\u00e9tation des Corons sera effectu\u00e9e par Marine, r\u00e9cente vainqueure de l\u2019\u00e9mission \u00ab&nbsp;Star Academy&nbsp;\u00bb, pendant la mi-temps du match.<br>&#8211; Si un arr\u00eat\u00e9 pr\u00e9fectoral a \u00e9t\u00e9 pris pour le d\u00e9placement des supporters du RCSA (le parcage visiteurs sera complet), il reste assez peu contraignant \u00e0 l&rsquo;exception des supporters qui se d\u00e9placeront en autocar ou en minibus. Ceux-ci devront obligatoirement se rendre sur l\u2019aire de la Cressonni\u00e8re, sur l\u2019A26 \u00e0 proximit\u00e9 de Th\u00e9lus. L\u2019horaire de rendez-vous est fix\u00e9 le dimanche 16 f\u00e9vrier 2025 \u00e0 15h00. Les forces de l\u2019ordre encadreront le d\u00e9placement jusqu\u2019\u00e0 l\u2019acc\u00e8s visiteurs du stade Bollaert-Delelis \u00e0 Lens. Autre mesure pour tous mais habituelle : \u201cdans l\u2019enceinte et aux abords du stade, sont en outre interdits la possession, le transport et l\u2019utilisation de tous p\u00e9tards ou fumig\u00e8nes, drapeaux et banderoles dont les inscriptions appellent \u00e0 la provocation, \u00e0 la violence ou \u00e0 la haine et tout objet pouvant \u00eatre utilis\u00e9 comme projectile ainsi que la possession et le transport de toutes boissons alcoolis\u00e9es.\u201d.<br>\u2013 Le&nbsp;parvis du stade est accessible d\u00e8s 3h00 avant le coup d\u2019envoi. Des espaces de restauration comme des friteries et des am\u00e9nagements d\u2019accueil (bancs, tables) sont \u00e0 disposition derri\u00e8re chacune des tribunes.&nbsp;L\u2019ouverture des portes des tribunes se fait 1h30 avant le coup d\u2019envoi.<br>\u2013 Suite de la pr\u00e9sentation et initiaition de sports diff\u00e9rents cette saison pour les supporters avant la rencontre avec le c\u00e9cifoot sur le&nbsp;parvis de Delacourt et le football fauteuil sur le parvis de la Trannin.<br>\u2013 Moyen de transport garantissant l\u2019acc\u00e8s au stade en 12 minutes, la Navette Bollaert-Delelis permet de&nbsp;rallier l\u2019enceinte art\u00e9sienne depuis l\u2019Arena Stade Couvert de Li\u00e9vin ou le parking CRVO de Lens lors des rencontres \u00e0 domicile des Sang et Or. Rappel, elle est 100% gratuite et d\u00e9mat\u00e9rialis\u00e9e gr\u00e2ce \u00e0 l\u2019application RC Lens sur votre smartphone.<\/p>\n","protected":false},"excerpt":{"rendered":"<p>Ce dimanche \u00e0 Bollaert-Delelis (coup d&rsquo;envoi \u00e0 17h15), pour le compte de la 22e journ\u00e9e de Ligue 1 McDonald&rsquo;s, le RC Lens essayera de faire oublier face au RC Strasbourg-Alsace sa contre performance de la semaine derni\u00e8re face \u00e0 l&rsquo;OGC Nice. Les Alsaciens qui restent toutefois toujours difficile \u00e0 jouer. Ils sont actullement 9e du &hellip; <a href=\"https:\/\/www.sitercl.com\/News\/?p=14423\" class=\"more-link\">Continuer la lecture<span class=\"screen-reader-text\"> de &laquo;&nbsp;Pr\u00e9sentation de Lens &#8211; Strasbourg&nbsp;&raquo;<\/span><\/a><\/p>\n","protected":false},"author":2,"featured_media":0,"comment_status":"closed","ping_status":"open","sticky":false,"template":"","format":"standard","meta":{"footnotes":""},"categories":[2],"tags":[11,151,12,188],"class_list":["post-14423","post","type-post","status-publish","format-standard","hentry","category-infos","tag-groupes","tag-ligue-1","tag-stats","tag-strasbourg"],"_links":{"self":[{"href":"https:\/\/www.sitercl.com\/News\/index.php?rest_route=\/wp\/v2\/posts\/14423","targetHints":{"allow":["GET"]}}],"collection":[{"href":"https:\/\/www.sitercl.com\/News\/index.php?rest_route=\/wp\/v2\/posts"}],"about":[{"href":"https:\/\/www.sitercl.com\/News\/index.php?rest_route=\/wp\/v2\/types\/post"}],"author":[{"embeddable":true,"href":"https:\/\/www.sitercl.com\/News\/index.php?rest_route=\/wp\/v2\/users\/2"}],"replies":[{"embeddable":true,"href":"https:\/\/www.sitercl.com\/News\/index.php?rest_route=%2Fwp%2Fv2%2Fcomments&post=14423"}],"version-history":[{"count":14,"href":"https:\/\/www.sitercl.com\/News\/index.php?rest_route=\/wp\/v2\/posts\/14423\/revisions"}],"predecessor-version":[{"id":14457,"href":"https:\/\/www.sitercl.com\/News\/index.php?rest_route=\/wp\/v2\/posts\/14423\/revisions\/14457"}],"wp:attachment":[{"href":"https:\/\/www.sitercl.com\/News\/index.php?rest_route=%2Fwp%2Fv2%2Fmedia&parent=14423"}],"wp:term":[{"taxonomy":"category","embeddable":true,"href":"https:\/\/www.sitercl.com\/News\/index.php?rest_route=%2Fwp%2Fv2%2Fcategories&post=14423"},{"taxonomy":"post_tag","embeddable":true,"href":"https:\/\/www.sitercl.com\/News\/index.php?rest_route=%2Fwp%2Fv2%2Ftags&post=14423"}],"curies":[{"name":"wp","href":"https:\/\/api.w.org\/{rel}","templated":true}]}}