{"id":1458,"date":"2019-06-27T18:30:41","date_gmt":"2019-06-27T16:30:41","guid":{"rendered":"https:\/\/www.sitercl.com\/News\/?p=1458"},"modified":"2019-06-27T18:41:25","modified_gmt":"2019-06-27T16:41:25","slug":"le-mans-lens-le-samedi","status":"publish","type":"post","link":"https:\/\/www.sitercl.com\/News\/?p=1458","title":{"rendered":"Le Mans &#8211; Lens le samedi\u2026"},"content":{"rendered":"\n<div class=\"wp-block-image\"><figure class=\"alignright\"><img decoding=\"async\" src=\"https:\/\/www.sitercl.com\/Clubs\/France\/lemansfc.gif\" alt=\"\"\/><\/figure><\/div>\n\n\n\n<p>Si la saison pass\u00e9e le RC Lens a \u00e9t\u00e9 le leader des matches d\u00e9cal\u00e9s, la saison 2019\/2020 red\u00e9marre sur les m\u00eames bases puisque la rencontre des Sang et Or pour la 1\u00e8re journ\u00e9e de championnat se jouera le samedi 27 juillet \u00e0 la place du vendredi soir. Pour rappel, le RC Lens se d\u00e9place chez le promu du Mans FC\u2026<\/p>\n\n\n\n<p><strong>Le programme de la 1\u00e8re journ\u00e9e de Domino&rsquo;s Ligue 2<\/strong> :<\/p>\n\n\n\n<p><em>vendredi 26\/07 \u00e0 20h00<\/em><br>AC Ajaccio &#8211;  Havre AC sur beIN SPORTS 1 et beIN SPORTS MAX<br>FC Chambly Oise &#8211; Valenciennes FC sur beIN SPORTS 1 et beIN SPORTS MAX<br>Clermont Foot &#8211; Ch\u00e2teauroux sur beIN SPORTS 1 et beIN SPORTS MAX<br>EA Guingamp &#8211; Grenoble Foot 38 sur beIN SPORTS 1 et beIN SPORTS MAX (match directeur)<br>AS Nancy Lorraine &#8211; US Orl\u00e9ans sur beIN SPORTS 1 et beIN SPORTS MAX<br>Chamois Niortais &#8211;  ESTAC Troyes sur beIN SPORTS 1 et beIN SPORTS MAX <br>Rodez Aveyron Football &#8211; AJ Auxerre sur beIN SPORTS 1 et beIN SPORTS MAX<br>FC Sochaux-Montb\u00e9liard &#8211; SM Caen sur beIN SPORTS 1 et beIN SPORTS MAX<\/p>\n\n\n\n<p><em>samedi 27\/07 \u00e0 15h00<\/em><br><b>Le Mans FC &#8211; RC Len<\/b><strong>s<\/strong> sur beIN SPORTS 1<\/p>\n\n\n\n<p><em>lundi 29\/07 \u00e0 20h45<\/em><br>FC Lorient &#8211;  Paris FC sur Canal+ Sport<\/p>\n","protected":false},"excerpt":{"rendered":"<p>Si la saison pass\u00e9e le RC Lens a \u00e9t\u00e9 le leader des matches d\u00e9cal\u00e9s, la saison 2019\/2020 red\u00e9marre sur les m\u00eames bases puisque la rencontre des Sang et Or pour la 1\u00e8re journ\u00e9e de championnat se jouera le samedi 27 juillet \u00e0 la place du vendredi soir. Pour rappel, le RC Lens se d\u00e9place chez &hellip; <a href=\"https:\/\/www.sitercl.com\/News\/?p=1458\" class=\"more-link\">Continuer la lecture<span class=\"screen-reader-text\"> de &laquo;&nbsp;Le Mans &#8211; Lens le samedi\u2026&nbsp;&raquo;<\/span><\/a><\/p>\n","protected":false},"author":2,"featured_media":0,"comment_status":"closed","ping_status":"open","sticky":false,"template":"","format":"standard","meta":{"footnotes":""},"categories":[2],"tags":[175,50,17,38],"class_list":["post-1458","post","type-post","status-publish","format-standard","hentry","category-infos","tag-le-mans","tag-ligue-2","tag-programme","tag-tv"],"_links":{"self":[{"href":"https:\/\/www.sitercl.com\/News\/index.php?rest_route=\/wp\/v2\/posts\/1458","targetHints":{"allow":["GET"]}}],"collection":[{"href":"https:\/\/www.sitercl.com\/News\/index.php?rest_route=\/wp\/v2\/posts"}],"about":[{"href":"https:\/\/www.sitercl.com\/News\/index.php?rest_route=\/wp\/v2\/types\/post"}],"author":[{"embeddable":true,"href":"https:\/\/www.sitercl.com\/News\/index.php?rest_route=\/wp\/v2\/users\/2"}],"replies":[{"embeddable":true,"href":"https:\/\/www.sitercl.com\/News\/index.php?rest_route=%2Fwp%2Fv2%2Fcomments&post=1458"}],"version-history":[{"count":2,"href":"https:\/\/www.sitercl.com\/News\/index.php?rest_route=\/wp\/v2\/posts\/1458\/revisions"}],"predecessor-version":[{"id":1462,"href":"https:\/\/www.sitercl.com\/News\/index.php?rest_route=\/wp\/v2\/posts\/1458\/revisions\/1462"}],"wp:attachment":[{"href":"https:\/\/www.sitercl.com\/News\/index.php?rest_route=%2Fwp%2Fv2%2Fmedia&parent=1458"}],"wp:term":[{"taxonomy":"category","embeddable":true,"href":"https:\/\/www.sitercl.com\/News\/index.php?rest_route=%2Fwp%2Fv2%2Fcategories&post=1458"},{"taxonomy":"post_tag","embeddable":true,"href":"https:\/\/www.sitercl.com\/News\/index.php?rest_route=%2Fwp%2Fv2%2Ftags&post=1458"}],"curies":[{"name":"wp","href":"https:\/\/api.w.org\/{rel}","templated":true}]}}