{"id":14776,"date":"2025-04-10T20:05:15","date_gmt":"2025-04-10T18:05:15","guid":{"rendered":"https:\/\/www.sitercl.com\/News\/?p=14776"},"modified":"2025-04-11T18:29:29","modified_gmt":"2025-04-11T16:29:29","slug":"presentation-de-lens-reims","status":"publish","type":"post","link":"https:\/\/www.sitercl.com\/News\/?p=14776","title":{"rendered":"Pr\u00e9sentation de Lens &#8211; Reims"},"content":{"rendered":"<div class=\"wp-block-image\">\n<figure class=\"alignright size-large\"><img decoding=\"async\" src=\"https:\/\/www.sitercl.com\/Clubs\/France\/reimssta.gif\" alt=\"\"\/><\/figure>\n<\/div>\n\n\n<p>Second match de suite \u00e0 Bollaert-Delelis pour les Sang et Or ce vendredi soir (coup d&rsquo;envoi \u00e0 20h45), ils essayeront d&rsquo;obtenir comme dimanche dernier face \u00e0 l&rsquo;ASSE les trois points de la victoire mais cette fois donc contre le Stade de Reims&#8230;<\/p>\n\n\n\n<p>Reims qui est actuellement 16e (barragiste) du classement avec trois points d&rsquo;avance sur l&rsquo;ASSE et un point de retard sur le HAC et Angers. Les Champenois sont donc plus que jamais dans une op\u00e9ration maintien et le moindre point est important pour eux assurer leur place en Ligue 1.<br>Ils ont pour le moment obtenu 6 victoires, 8 nuls et 14 d\u00e9faites en championnat cette saison.<\/p>\n\n\n\n<p>Hors de leur stade, leur bilan est de 3 victoires (\u00e0 Nantes, \u00e0 Angers et au Havre), 4 nuls et 6 d\u00e9faites de quoi occuper la 14e place du classement \u00e0 l&rsquo;ext\u00e9rieur.<\/p>\n\n\n\n<p>15e attaque du championnat avec 29 buts inscrits depuis le d\u00e9but de la saison, leur meilleur attaquant est Keito Nakamura avec 9 buts \u00e0 son actif. Leur meilleur passeur est Junya Ita (4 passes d\u00e9cisives).<br>Reims a la 12e d\u00e9fense du championnat avec 42 buts encaiss\u00e9s.<\/p>\n\n\n\n<p><strong>Les derniers r\u00e9sultats de Reims <\/strong>:<\/p>\n\n\n\n<p>Si Reims va jouer la finale de la Coupe de France face au PSG, ses r\u00e9sultats en championnat sont par contre nettement moins bon.<br>Il n&rsquo;a en effet gagn\u00e9 qu&rsquo;une seule rencontre de championnat lors de ses 17 derni\u00e8res journ\u00e9es (avec 6 nuls et 10 d\u00e9faites) ! Mais attention, cette victoire n&rsquo;\u00e9tait pas si lointaine (lors de la 27e journ\u00e9e) et c&rsquo;\u00e9tait face \u00e0 l&rsquo;OM.<\/p>\n\n\n\n<p>J28, Reims 0-1 Strasbourg<br>J27, Reims 3-1 OM<br>J26, Brest 0-0 Reims<br>J25, Reims 0-2 Auxerre<br>J24, Monaco 3-0 Reims<br>J23, Rennes 1-0 Reims <\/p>\n\n\n\n<p><strong>Les groupes<\/strong> :<\/p>\n\n\n\n<p><em>Pour le RC Lens&#8230;<\/em><br>Koffi, Ryan, Delplace \u2013 Gradit, Machado, Medina, Sarr, Bah, Antonio, Pouilly \u2013 Diouf, Mendy, Zaroury, Thomasson, Fulgini, Ojediran \u2013 Nzola, Koyalipou, Sa\u00efd, Sotoca, Agbonifo.<\/p>\n\n\n\n<p>Will Still peut de nouveau compter sur Jonathan Gradit, remis de sa blessure \u00e0 l&rsquo;arcade sourcili\u00e8re. De m\u00eame pour Jeremy&nbsp;Agbonifo qui \u00e9tait malade dimanche dernier. Retour \u00e9galement dans le groupe de M\u2019Bala Nzola m\u00eame si son absence face \u00e0 Saint-Etienne avait \u00e9t\u00e9 voulu par le staff lensois lui m\u00eame suite \u00e0 un retard \u00e0 l&rsquo;entra\u00eenement. Par contre&nbsp;Ruben Aguilar est forfait (ischio), Neil El Aynaoui est suspendu et il faudra aussi faire avec les absences de longue date de Martin Satriano&nbsp;(genou),&nbsp;R\u00e9my Labeau-Lascary&nbsp;(genou),&nbsp;Denis Petric&nbsp;(dos) et&nbsp;Jhoanner Chavez&nbsp;(cheville).<\/p>\n\n\n\n<p><em>Pour le Stade de Reims&#8230;<\/em><br>Butelle, Diouf, Olliero \u2013 Buta, Sekine, Jeng, Akieme, Sangui, Abd. Kon\u00e9 \u2013 Atangana, Gbane, Patrick, Am. Kon\u00e9, Tia, Teuma, Moscardo \u2013 Ito, Nakamura, Siebatcheu, Diakhon, Diakit\u00e9, Ibrahim.<\/p>\n\n\n\n<p>Le d\u00e9fenseur C\u00e9dric Kipr\u00e9 est suspendu. Joseph Okumu (\u00e9paule), Fofana (pilon tibial), Khadra et Daramy sont forfaits.<\/p>\n\n\n\n<p><em>L&rsquo;arbitre&#8230;<\/em><br>Pour <a href=\"https:\/\/www.sitercl.com\/News\/?post_type=post&amp;p=14771\">rappel<\/a>, il s&rsquo;agit de M. Fran\u00e7ois Letexier.<\/p>\n\n\n\n<p><strong>Les confrontations entre les deux clubs<\/strong> :<\/p>\n\n\n\n<p>Au <a href=\"https:\/\/www.sitercl.com\/Matches\/2024-25\/Champion\/Ext\/reimssta.htm\">match aller<\/a>, Lens s&rsquo;\u00e9tait impos\u00e9 \u00e0 Reims sur le score de deux buts \u00e0 z\u00e9ro. Des buts sign\u00e9s par Thomasson et Nzola.<\/p>\n\n\n\n<p><a href=\"https:\/\/www.sitercl.com\/Matches\/2023-24\/Champion\/Domicile\/reimssta.htm\">2-0<\/a> c&rsquo;\u00e9tait aussi le score de la saison pass\u00e9e \u00e0 Bollaert-Delelis. Il faut dire que le RCL s&rsquo;est impos\u00e9 \u00e0 domicile trois fois de suite avec deux buts inscrits. Il y avait eu \u00e9galement lors du retour des Lensois en L1, un match nul spectaculaire sur le score de <a href=\"https:\/\/www.sitercl.com\/Matches\/2020-21\/Champion\/Domicile\/reimssta.htm\">4-4<\/a> (saison 2020\/2021) !<\/p>\n\n\n\n<p>Lens reste invaincu aussi bien \u00e0 domicile qu&rsquo;\u00e0 l&rsquo;ext\u00e9rieur face \u00e0 cette \u00e9quipe depuis son retour dans l&rsquo;\u00e9lite.<br>=&gt; <a href=\"https:\/\/www.sitercl.com\/Clubs\/France\/reimssta.htm\">Les r\u00e9sultats<\/a> entre les deux clubs lors des derni\u00e8res saisons.<\/p>\n\n\n\n<p><strong>Quelques stats<\/strong> :<br>&#8211; Aucun but encaiss\u00e9 face \u00e0 Saint-Etienne dimanche dernier, c&rsquo;\u00e9tait la 12e rencontre des Sang et Or dans ce cas (au moins 2 de plus que tout autre clubs du championnat). Ce n&rsquo;est pas pour rien que Lens est la deuxi\u00e8me d\u00e9fense du championnat !<br>\u2013 Et pourtant Les 22 derni\u00e8res rencontres des Sang et Or se sont termin\u00e9s avec au moins un but marqu\u00e9 d\u2019un c\u00f4t\u00e9 ou de l\u2019autre ! M\u00eame 23 matches en comptant celui de la coupe de France.<br>&#8211; Sans\u00a0son d\u00e9fenseur C\u00e9dric Kipr\u00e9 (suspendu), Reims, cette saison (5 matches), n\u2019a empoch\u00e9 qu\u2019une victoire et conc\u00e8d\u00e9 pr\u00e8s de deux buts par match\u2026<br>&#8211; Florian Sotoca est impliqu\u00e9 dans 6 buts contre Reims en L1. Il n&rsquo;a pas obtenu mieux face \u00e0 une autre \u00e9quipe.<br>&#8211; 65e match \u00e0 guichets ferm\u00e9s en match officiel pour le RC Lens \u00e0 Bollaert-Delelis.<\/p>\n\n\n\n<p><strong>Quelques informations suppl\u00e9mentaires&nbsp;<\/strong>:<br>\u2013 Cette rencontre sera diffus\u00e9e sur DAZN.<br>\u2013 Le&nbsp;parvis du stade sera accessible 3h00 avant le coup d\u2019envoi. Des espaces de restauration comme des friteries et des am\u00e9nagements d\u2019accueil (bancs, tables) sont \u00e0 disposition derri\u00e8re chacune des tribunes.&nbsp;L\u2019ouverture des portes de ces tribunes se fait 1h30 avant le coup d\u2019envoi.<br>\u2013 Moyen de transport garantissant l\u2019acc\u00e8s au stade en 12 minutes, la Navette Bollaert-Delelis permet de&nbsp;rallier l\u2019enceinte art\u00e9sienne depuis l\u2019Arena Stade Couvert de Li\u00e9vin ou le parking CRVO de Lens lors des rencontres \u00e0 domicile des Sang et Or. Rappel, elle est 100% gratuite et d\u00e9mat\u00e9rialis\u00e9e gr\u00e2ce \u00e0 l\u2019application RC Lens sur votre smartphone.<br>&#8211; Un arr\u00eat\u00e9 pr\u00e9fectoral en date&nbsp;du 8 avril&nbsp;2025 a \u00e9t\u00e9 mis en place, visant \u00e0&nbsp;interdire&nbsp;toute personne se pr\u00e9valant de la qualit\u00e9 de supporters du Stade de Reims ou se comportant comme tel, de circuler ou de stationner sur la voie publique dans certains&nbsp;p\u00e9rim\u00e8tres de la ville de Lens, \u00e9galement une partie de Li\u00e9vin, Avion et Arras. Un point de RDV a \u00e9t\u00e9 fix\u00e9 par les autorit\u00e9s afin d&rsquo;escorter les bus et minibus des supporters R\u00e9mois jusqu&rsquo;au stade en toute s\u00e9curit\u00e9 (18h30 au niveau de l\u2019aire de la Cressoni\u00e8re).<br>&#8211; Pour ce match les joueurs r\u00e9mois rev\u00eatiront leur troisi\u00e8me maillot. Celui-ci sera customis\u00e9 puisqu\u2019il c\u00e9l\u00e9brera les dix ans de l\u2019inscription Coteaux, Maisons et Caves de Champagne au Patrimoine mondial de l\u2019Unesco.<br>&#8211; Sylvano, le speaker du RC Lens, ne sera pas au micro \u00e0 Bollaert-Delelis pour la premi\u00e8re fois depuis pr\u00e8s de cinq ans. Il a indiqu\u00e9 sur les r\u00e9seaux sociaux : \u00ab\u00a0<em>Rien de trop grave, mais assez pour que je ne prenne pas la chose \u00e0 la l\u00e9g\u00e8re. Je me repose, et je reviens rapidement pour terminer la saison avec vous.<\/em>&nbsp;\u00bb<\/p>\n","protected":false},"excerpt":{"rendered":"<p>Second match de suite \u00e0 Bollaert-Delelis pour les Sang et Or ce vendredi soir (coup d&rsquo;envoi \u00e0 20h45), ils essayeront d&rsquo;obtenir comme dimanche dernier face \u00e0 l&rsquo;ASSE les trois points de la victoire mais cette fois donc contre le Stade de Reims&#8230; Reims qui est actuellement 16e (barragiste) du classement avec trois points d&rsquo;avance sur &hellip; <a href=\"https:\/\/www.sitercl.com\/News\/?p=14776\" class=\"more-link\">Continuer la lecture<span class=\"screen-reader-text\"> de &laquo;&nbsp;Pr\u00e9sentation de Lens &#8211; Reims&nbsp;&raquo;<\/span><\/a><\/p>\n","protected":false},"author":2,"featured_media":0,"comment_status":"closed","ping_status":"open","sticky":false,"template":"","format":"standard","meta":{"footnotes":""},"categories":[2],"tags":[11,151,59,12],"class_list":["post-14776","post","type-post","status-publish","format-standard","hentry","category-infos","tag-groupes","tag-ligue-1","tag-reims","tag-stats"],"_links":{"self":[{"href":"https:\/\/www.sitercl.com\/News\/index.php?rest_route=\/wp\/v2\/posts\/14776","targetHints":{"allow":["GET"]}}],"collection":[{"href":"https:\/\/www.sitercl.com\/News\/index.php?rest_route=\/wp\/v2\/posts"}],"about":[{"href":"https:\/\/www.sitercl.com\/News\/index.php?rest_route=\/wp\/v2\/types\/post"}],"author":[{"embeddable":true,"href":"https:\/\/www.sitercl.com\/News\/index.php?rest_route=\/wp\/v2\/users\/2"}],"replies":[{"embeddable":true,"href":"https:\/\/www.sitercl.com\/News\/index.php?rest_route=%2Fwp%2Fv2%2Fcomments&post=14776"}],"version-history":[{"count":8,"href":"https:\/\/www.sitercl.com\/News\/index.php?rest_route=\/wp\/v2\/posts\/14776\/revisions"}],"predecessor-version":[{"id":14794,"href":"https:\/\/www.sitercl.com\/News\/index.php?rest_route=\/wp\/v2\/posts\/14776\/revisions\/14794"}],"wp:attachment":[{"href":"https:\/\/www.sitercl.com\/News\/index.php?rest_route=%2Fwp%2Fv2%2Fmedia&parent=14776"}],"wp:term":[{"taxonomy":"category","embeddable":true,"href":"https:\/\/www.sitercl.com\/News\/index.php?rest_route=%2Fwp%2Fv2%2Fcategories&post=14776"},{"taxonomy":"post_tag","embeddable":true,"href":"https:\/\/www.sitercl.com\/News\/index.php?rest_route=%2Fwp%2Fv2%2Ftags&post=14776"}],"curies":[{"name":"wp","href":"https:\/\/api.w.org\/{rel}","templated":true}]}}