{"id":14777,"date":"2025-04-10T19:05:01","date_gmt":"2025-04-10T17:05:01","guid":{"rendered":"https:\/\/www.sitercl.com\/News\/?p=14777"},"modified":"2025-04-10T19:05:01","modified_gmt":"2025-04-10T17:05:01","slug":"machado-suspendu-face-a-brest","status":"publish","type":"post","link":"https:\/\/www.sitercl.com\/News\/?p=14777","title":{"rendered":"Machado suspendu face \u00e0 Brest"},"content":{"rendered":"<div class=\"wp-block-image\">\n<figure class=\"alignright size-full\"><img loading=\"lazy\" decoding=\"async\" width=\"100\" height=\"107\" src=\"https:\/\/www.sitercl.com\/News\/wp-content\/uploads\/2018\/11\/cartons.jpg\" alt=\"\" class=\"wp-image-63\"\/><\/figure>\n<\/div>\n\n\n<p>R\u00e9unie mercredi soir, la Commission de Discipline de la LFP a sanctionn\u00e9 suite \u00e0 son carton jaune re\u00e7u face \u00e0 Saint-Etienne, Deiver Machado d&rsquo;un match de suspension\u00a0par r\u00e9vocation <a href=\"https:\/\/www.sitercl.com\/News\/?p=14467\">du sursis<\/a> qu&rsquo;il avait depuis le 19 f\u00e9vrier dernier&#8230;<\/p>\n\n\n\n<p>La sanction prenant effet \u00e0 partir du mardi 15 avril, il purgera cette rencontre \u00e0 Brest que l&rsquo;ancien lensois Kenny Lala ne jouera pas non plus pour les Bretons. Il a en effet lui aussi \u00e9t\u00e9 sanctionn\u00e9 d&rsquo;un match de suspension.<\/p>\n\n\n\n<p>Lors de cette m\u00eame s\u00e9ance, les joueurs lillois, Bafod\u00e9 DIAKITE et\u00a0Lucas CHEVALIER ont eu un match de suspension avec sursis suite \u00e0 leur comportement (utilisation\u00a0de fumig\u00e8nes) apr\u00e8s le derby face aux Lensois&#8230;<\/p>\n","protected":false},"excerpt":{"rendered":"<p>R\u00e9unie mercredi soir, la Commission de Discipline de la LFP a sanctionn\u00e9 suite \u00e0 son carton jaune re\u00e7u face \u00e0 Saint-Etienne, Deiver Machado d&rsquo;un match de suspension\u00a0par r\u00e9vocation du sursis qu&rsquo;il avait depuis le 19 f\u00e9vrier dernier&#8230; La sanction prenant effet \u00e0 partir du mardi 15 avril, il purgera cette rencontre \u00e0 Brest que l&rsquo;ancien &hellip; <a href=\"https:\/\/www.sitercl.com\/News\/?p=14777\" class=\"more-link\">Continuer la lecture<span class=\"screen-reader-text\"> de &laquo;&nbsp;Machado suspendu face \u00e0 Brest&nbsp;&raquo;<\/span><\/a><\/p>\n","protected":false},"author":2,"featured_media":0,"comment_status":"closed","ping_status":"open","sticky":false,"template":"","format":"standard","meta":{"footnotes":""},"categories":[2],"tags":[23,10,114,151,441],"class_list":["post-14777","post","type-post","status-publish","format-standard","hentry","category-infos","tag-brest","tag-discipline","tag-lfp","tag-ligue-1","tag-machado"],"_links":{"self":[{"href":"https:\/\/www.sitercl.com\/News\/index.php?rest_route=\/wp\/v2\/posts\/14777","targetHints":{"allow":["GET"]}}],"collection":[{"href":"https:\/\/www.sitercl.com\/News\/index.php?rest_route=\/wp\/v2\/posts"}],"about":[{"href":"https:\/\/www.sitercl.com\/News\/index.php?rest_route=\/wp\/v2\/types\/post"}],"author":[{"embeddable":true,"href":"https:\/\/www.sitercl.com\/News\/index.php?rest_route=\/wp\/v2\/users\/2"}],"replies":[{"embeddable":true,"href":"https:\/\/www.sitercl.com\/News\/index.php?rest_route=%2Fwp%2Fv2%2Fcomments&post=14777"}],"version-history":[{"count":1,"href":"https:\/\/www.sitercl.com\/News\/index.php?rest_route=\/wp\/v2\/posts\/14777\/revisions"}],"predecessor-version":[{"id":14778,"href":"https:\/\/www.sitercl.com\/News\/index.php?rest_route=\/wp\/v2\/posts\/14777\/revisions\/14778"}],"wp:attachment":[{"href":"https:\/\/www.sitercl.com\/News\/index.php?rest_route=%2Fwp%2Fv2%2Fmedia&parent=14777"}],"wp:term":[{"taxonomy":"category","embeddable":true,"href":"https:\/\/www.sitercl.com\/News\/index.php?rest_route=%2Fwp%2Fv2%2Fcategories&post=14777"},{"taxonomy":"post_tag","embeddable":true,"href":"https:\/\/www.sitercl.com\/News\/index.php?rest_route=%2Fwp%2Fv2%2Ftags&post=14777"}],"curies":[{"name":"wp","href":"https:\/\/api.w.org\/{rel}","templated":true}]}}