{"id":14816,"date":"2025-04-20T20:19:19","date_gmt":"2025-04-20T18:19:19","guid":{"rendered":"https:\/\/www.sitercl.com\/News\/?p=14816"},"modified":"2025-04-20T23:24:42","modified_gmt":"2025-04-20T21:24:42","slug":"revue-du-web-brest-lens-4","status":"publish","type":"post","link":"https:\/\/www.sitercl.com\/News\/?p=14816","title":{"rendered":"Revue du Web : Brest &#8211; Lens"},"content":{"rendered":"<div class=\"wp-block-image\">\n<figure class=\"alignright size-full\"><img loading=\"lazy\" decoding=\"async\" width=\"150\" height=\"106\" src=\"https:\/\/www.sitercl.com\/News\/wp-content\/uploads\/2019\/01\/clavball.png\" alt=\"\" class=\"wp-image-587\"\/><\/figure>\n<\/div>\n\n\n<p>Retrouvez une s\u00e9lection d&rsquo;articles du Web sur le match de la 30e journ\u00e9e de championnat de Ligue 1 McDonald&rsquo;s saison 2024\/2025 entre le Stade Brestois 29 et le RC Lens (1-3)&#8230;<br><br><b>www.lavoixdunord.fr<\/b> :<br>-20\/04\/2025 <a href=\"https:\/\/www.lavoixdunord.fr\/1577807\/article\/2025-04-20\/brest-lens-n-jamais-ete-en-vacances-loin-de-son-jardin-le-racing-cultive-son\" target=\"_blank\" rel=\"noopener\">Brest &#8211; Lens : \u00ab On n\u2019a jamais \u00e9t\u00e9 en vacances \u00bb, loin de son jardin, le Racing cultive son paradoxe<\/a><br>-20\/04\/2025 <a href=\"https:\/\/www.lavoixdunord.fr\/1577802\/article\/2025-04-20\/brest-rc-lens-une-efficacite-retrouvee-et-signee-koyalipou-les-notes-des-lensois\" target=\"_blank\" rel=\"noopener\">Brest \u2013 RC Lens : une efficacit\u00e9 retrouv\u00e9e et sign\u00e9e Koyalipou, les notes des Lensois<\/a><br>-20\/04\/2025 <a href=\"https:\/\/www.lavoixdunord.fr\/1577785\/article\/2025-04-20\/brest-lens-la-decision-arbitrale-qui-fait-hurler-le-stade-le-ble-le-brestois\" target=\"_blank\" rel=\"noopener\">Brest &#8211; Lens : la d\u00e9cision arbitrale qui a fait hurler le stade Le Bl\u00e9, le Brestois Ndiaye exclu<\/a><br>-20\/04\/2025 <a href=\"https:\/\/www.lavoixdunord.fr\/1577794\/article\/2025-04-20\/video-brest-lens-35-annees-qu-craque-pour-toi-le-craquage-massif-de-fumigenes\" target=\"_blank\" rel=\"noopener\">VIDEO. Brest &#8211; Lens : \u00ab 35 ann\u00e9es qu\u2019on craque pour toi \u00bb, le craquage massif de fumig\u00e8nes des Ultras Brestois pour leur anniversaire<\/a><br>-20\/04\/2025 <a href=\"https:\/\/www.lavoixdunord.fr\/1577767\/article\/2025-04-20\/brest-rc-lens-35-ans-des-ultras-brestois-animation-sang-et-or-du-kso-1993-duel\" target=\"_blank\" rel=\"noopener\">Brest &#8211; RC Lens : 35 ans des Ultras Brestois, animation sang et or du KSO 1993, duel de tifos \u00e0 Le-Bl\u00e9<\/a><br>-20\/04\/2025 <a href=\"https:\/\/www.lavoixdunord.fr\/1577764\/article\/2025-04-20\/ils-sont-arrives-avec-des-barres-de-fer-avant-brest-lens-une-bagarre-eclatea\" target=\"_blank\" rel=\"noopener\">\u00ab C\u2019\u00e9tait un gros carnage, on a tous eu peur \u00bb : des supporters lensois bloqu\u00e9s sur la nationale par des ultras brestois apr\u00e8s Brest &#8211; Lens<\/a><br><br><b>sports.orange.fr<\/b> :<br>-20\/04\/2025 <a href=\"https:\/\/sports.orange.fr\/football\/ligue-1\/debrief\/l1-j30-lens-s-impose-a-brest-CNT000002irBGN.html\" target=\"_blank\" rel=\"noopener\">L1 (J30) : Lens s&rsquo;impose \u00e0 Brest<\/a><br><br><b>news.maxifoot.fr<\/b> :<br>-20\/04\/2025 <a href=\"https:\/\/news.maxifoot.fr\/ligue-1\/brest-1-3-lens-fini-foot-432365.htm\" target=\"_blank\" rel=\"noopener\">L1 : Brest 1-3 Lens (fini)<\/a><br><br><b>www.ouest-france.fr<\/b> :<br>-20\/04\/2025 <a href=\"https:\/\/www.ouest-france.fr\/sport\/football\/ligue-1\/direct\/direct-stade-brestois-rc-lens-suivez-le-match-de-la-30e-journee-de-ligue-1-en-live-c49d4167-5486-437d-93f4-a13acc524a66\" target=\"_blank\" rel=\"noopener\">Ligue 1. Douch\u00e9 par le RC Lens, le Stade Brestois dit quasiment adieu aux places europ\u00e9ennes<\/a><br>-20\/04\/2025 <a href=\"https:\/\/www.ouest-france.fr\/sport\/football\/stade-brestois\/stade-brestois-rc-lens-on-nous-a-floues-notre-fin-de-saison-lance-eric-roy-f9e2cc44-1e11-11f0-acea-8da06560feaa\" target=\"_blank\" rel=\"noopener\">Stade Brestois &#8211; RC Lens. \u00ab On nous a flou\u00e9s notre fin de saison \u00bb, lance \u00c9ric Roy<\/a><br>-20\/04\/2025 <a href=\"https:\/\/www.ouest-france.fr\/sport\/football\/stade-brestois\/video-stade-brestois-la-decision-de-larbitre-a-tue-le-match-ndiaye-reagit-a-son-carton-rouge-b213f852-a277-4204-a34f-45c6090a8ada\" target=\"_blank\" rel=\"noopener\">VID\u00c9O Stade Brestois. \u00ab La d\u00e9cision de l\u2019arbitre a tu\u00e9 le match \u00bb : Ndiaye r\u00e9agit \u00e0 son carton rouge<\/a><br>-20\/04\/2025 <a href=\"https:\/\/www.ouest-france.fr\/societe\/faits-divers\/a-brest-une-bagarre-entre-ultras-dans-un-restaurant-du-moulin-blanc-trois-blesses-legers-40018762-1ded-11f0-9f5f-06399571ff35\" target=\"_blank\" rel=\"noopener\">\u00c0 Brest, une bagarre \u00ab entre ultras \u00bb dans un restaurant du Moulin-Blanc : trois bless\u00e9s l\u00e9gers<\/a><br><br><b>www.letelegramme.fr<\/b> :<br>-20\/04\/2025 <a href=\"https:\/\/www.letelegramme.fr\/sports\/football\/stade-brestois\/le-resume-de-la-defaite-brestoise-face-a-lens-entre-polemique-et-grosses-consequences-6802419.php\" target=\"_blank\" rel=\"noopener\">Le r\u00e9sum\u00e9 de la d\u00e9faite brestoise face \u00e0 Lens entre pol\u00e9mique et grosses cons\u00e9quences<\/a><br>-20\/04\/2025 <a href=\"https:\/\/www.letelegramme.fr\/sports\/football\/stade-brestois\/brest-lens-le-calvaire-de-ndiaye-pereira-lage-a-nouveau-decisif-le-carnet-de-notes-des-brestois-6802426.php\" target=\"_blank\" rel=\"noopener\">Brest &#8211; Lens : le calvaire de Ndiaye, Pereira Lage \u00e0 nouveau d\u00e9cisif, le carnet de notes des Brestois<\/a><br>-20\/04\/2025 <a href=\"https:\/\/www.letelegramme.fr\/sports\/football\/stade-brestois\/inadmissible-brendan-chardonnet-fustige-les-supporters-partis-avant-la-fin-du-match-entre-brest-et-lens-6802477.php\" target=\"_blank\" rel=\"noopener\">\u00ab Inadmissible \u00bb, Brendan Chardonnet fustige les supporters partis avant la fin du match entre Brest et Lens<\/a><\/p>\n\n\n<div class=\"wp-block-image\">\n<figure class=\"aligncenter size-full\"><img loading=\"lazy\" decoding=\"async\" width=\"173\" height=\"2\" src=\"https:\/\/www.sitercl.com\/News\/wp-content\/uploads\/2022\/03\/NAVIsep3.gif\" alt=\"\" class=\"wp-image-7319\"\/><\/figure>\n<\/div>\n\n\n<p><strong><em>Avant match&#8230;<\/em><\/strong><br><br><b>www.lavoixdunord.fr<\/b> :<br>-19\/04\/2025 <a href=\"https:\/\/www.lavoixdunord.fr\/1577333\/article\/2025-04-19\/brest-rc-lens-lens-c-est-ma-vie-la-declaration-d-amour-de-tom-pouilly-son-club\" target=\"_blank\" rel=\"noopener\">Brest &#8211; RC Lens : \u00ab Lens, c\u2019est ma vie ! \u00bb, la d\u00e9claration d\u2019amour de Tom Pouilly \u00e0 son club de toujours<\/a><br>-18\/04\/2025 <a href=\"https:\/\/www.lavoixdunord.fr\/1577081\/article\/2025-04-18\/rc-lens-gradit-je-suis-convaincu-qu-aura-un-meilleur-effectif-la-saison\" target=\"_blank\" rel=\"noopener\">RC Lens : Jonathan Gradit optimiste, \u00ab je suis convaincu qu\u2019on aura un meilleur effectif la saison prochaine \u00bb<\/a><br>-18\/04\/2025 <a href=\"https:\/\/www.lavoixdunord.fr\/1577210\/article\/2025-04-18\/rc-lens-ca-ete-un-truc-de-remplacer-franck-haise-will-still-decrit-une-saison\" target=\"_blank\" rel=\"noopener\">RC Lens : \u00ab \u00c7a a \u00e9t\u00e9 un truc de remplacer Franck Haise \u00bb, Will Still d\u00e9crit une saison complexe \u00ab mais qui aurait pu \u00eatre pire \u00bb<\/a><br>-18\/04\/2025 <a href=\"https:\/\/www.lavoixdunord.fr\/1577231\/article\/2025-04-18\/brest-rc-lens-massadio-haidara-six-ans-d-amour-et-une-breve-brouille-numerique\" target=\"_blank\" rel=\"noopener\">Brest \u2013 RC Lens : Massadio Ha\u00efdara, six ans d\u2019amour et une br\u00e8ve brouille num\u00e9rique<\/a><br>-18\/04\/2025 <a href=\"https:\/\/www.lavoixdunord.fr\/1577075\/article\/2025-04-18\/brest-rc-lens-le-racing-avec-une-bonne-nouvelle-et-des-moins-bonnes-devra-faire\" target=\"_blank\" rel=\"noopener\">Brest &#8211; Lens : le Racing, avec une bonne nouvelle et des moins bonnes, devra faire avec les moyens du bords<\/a><br>-18\/04\/2025 <a href=\"https:\/\/www.lavoixdunord.fr\/1577017\/article\/2025-04-18\/stade-brestois-rc-lens-apres-martin-satriano-jhoanner-chavez-de-retour-l\" target=\"_blank\" rel=\"noopener\">Brest &#8211; Lens : apr\u00e8s Martin Satriano, Jhoanner Chavez de retour \u00e0 l\u2019entra\u00eenement avec le groupe<\/a><br>-17\/04\/2025 <a href=\"https:\/\/www.lavoixdunord.fr\/1576823\/article\/2025-04-17\/brest-lens-apprecie-le-ble-martin-satriano-retrouve-les-plaisirs-des\" target=\"_blank\" rel=\"noopener\">Brest &#8211; Lens : appr\u00e9ci\u00e9 \u00e0 Le-Bl\u00e9, Martin Satriano retrouve les plaisirs des entra\u00eenements collectifs avec le RCL<\/a><br><br><b>www.lequipe.fr<\/b> :<br>-20\/04\/2025 <a href=\"https:\/\/www.lequipe.fr\/Football\/Actualites\/Blessures-ventes-suspensions-la-rotation-permanente-de-l-equipe-pese-sur-le-rc-lens\/1555496\" target=\"_blank\" rel=\"noopener\">Blessures, ventes, suspensions : la rotation permanente de l&rsquo;\u00e9quipe p\u00e8se sur le RC Lens<\/a><br>-17\/04\/2025 <a href=\"https:\/\/www.lequipe.fr\/Football\/Actualites\/Martin-satriano-de-retour-a-l-entrainement-collectif-avec-lens\/1554980\" target=\"_blank\" rel=\"noopener\">Martin Satriano de retour \u00e0 l&rsquo;entra\u00eenement collectif avec Lens<\/a><br>-16\/04\/2025 <a href=\"https:\/\/www.lequipe.fr\/Football\/Actualites\/La-reserve-du-rc-lens-pourrait-perdre-des-points-pour-avoir-utilise-la-recrue-nidal-celik\/1554714\" target=\"_blank\" rel=\"noopener\">La r\u00e9serve du RC Lens pourrait perdre des points pour avoir utilis\u00e9 la recrue Nidal Celik<\/a><br><br><b>www.butfootballclub.fr<\/b> :<br>-17\/04\/2025 <a href=\"https:\/\/www.butfootballclub.fr\/ligue-1\/rc-lens\/rc-lens-la-reponse-scandaleuse-de-letat-aux-agressions-sexuelles-des-supportrices\/\" target=\"_blank\" rel=\"noopener\">RC Lens : la r\u00e9ponse scandaleuse de l&rsquo;Etat aux agressions sexuelles des supportrices<\/a><br>-16\/04\/2025 <a href=\"https:\/\/www.butfootballclub.fr\/ligue-1\/rc-lens\/rc-lens-nzola-se-confie-sur-son-parcours-et-son-experience-en-france\/\" target=\"_blank\" rel=\"noopener\">RC Lens : Nzola se confie sur son parcours et son exp\u00e9rience en France<\/a><br>-15\/04\/2025 <a href=\"https:\/\/www.butfootballclub.fr\/ligue-1\/rc-lens\/rc-lens-mercato-en-plus-de-medina-trois-autres-departs-se-precisent-cet-ete\/\" target=\"_blank\" rel=\"noopener\">RC Lens Mercato : en plus de Medina, trois autres d\u00e9parts se pr\u00e9cisent cet \u00e9t\u00e9<\/a><br><br><b>sports.orange.fr<\/b> :<br>-20\/04\/2025 <a href=\"https:\/\/sports.orange.fr\/football\/ligue-1\/avant-match\/l1-j30-tout-savoir-sur-brest-lens-CNT000002irgHz.html\" target=\"_blank\" rel=\"noopener\">L1 (J30) : Tout savoir sur Brest &#8211; Lens<\/a><br><br><b>rmcsport.bfmtv.com<\/b> :<br>-18\/04\/2025 <a href=\"https:\/\/rmcsport.bfmtv.com\/football\/clubs\/rc-lens\/rc-lens-c-est-quoi-le-projet_AV-202504180534.html\" target=\"_blank\" rel=\"noopener\">RC Lens, c&rsquo;est quoi le projet?<\/a><br><br><b>www.ouest-france.fr<\/b> :<br>-20\/04\/2025 <a href=\"https:\/\/www.ouest-france.fr\/sport\/football\/stade-brestois\/brest-lens-une-inconnue-levee-en-attaque-les-compositions-probables-4845bd06-1d3b-11f0-9f5f-06399571ff35\" target=\"_blank\" rel=\"noopener\">Brest &#8211; Lens. Une inconnue lev\u00e9e en attaque ? Les compositions probables<\/a><br>-20\/04\/2025 <a href=\"https:\/\/www.ouest-france.fr\/sport\/football\/stade-brestois\/brest-lens-sur-quelle-chaine-et-a-quelle-heure-voir-le-match-de-ligue-1-en-direct-bc51d246-19f5-11f0-a759-74724e64dd56\" target=\"_blank\" rel=\"noopener\">Brest &#8211; Lens : sur quelle cha\u00eene et \u00e0 quelle heure voir le match de Ligue 1 en direct ?<\/a><br>-18\/04\/2025 <a href=\"https:\/\/www.ouest-france.fr\/sport\/football\/stade-brestois\/stade-brestois-du-nouveau-pour-ajorque-pas-pour-coulibaly-le-point-infirmerie-avant-lens-c37aa3d2-1c38-11f0-9f5f-06399571ff35\" target=\"_blank\" rel=\"noopener\">Stade Brestois. Du nouveau pour Ajorque, pas pour Coulibaly\u2026 Le point infirmerie avant Lens<\/a><br>-19\/04\/2025 <a href=\"https:\/\/www.ouest-france.fr\/sport\/football\/stade-brestois\/video-stade-brestois-eric-roy-si-on-veut-une-fin-savoureuse-il-faut-se-mettre-chiffon-fbc7e30d-1727-42f5-a72b-67c249c31e4e\" target=\"_blank\" rel=\"noopener\">VID\u00c9O Stade Brestois. \u00c9ric Roy : \u00ab Si on veut une fin savoureuse, il faut se mettre chiffon \u00bb<\/a><br><br><b>sportune.20minutes.fr<\/b> :<br>-18\/04\/2025 <a href=\"https:\/\/sportune.20minutes.fr\/rc-lens-club-le-plus-sympathique-de-ligue-1-selon-les-francais-363150\" target=\"_blank\" rel=\"noopener\">RC Lens. Club le plus sympathique de Ligue 1 selon les Fran\u00e7ais<\/a><\/p>\n","protected":false},"excerpt":{"rendered":"<p>Retrouvez une s\u00e9lection d&rsquo;articles du Web sur le match de la 30e journ\u00e9e de championnat de Ligue 1 McDonald&rsquo;s saison 2024\/2025 entre le Stade Brestois 29 et le RC Lens (1-3)&#8230; www.lavoixdunord.fr :-20\/04\/2025 Brest &#8211; Lens : \u00ab On n\u2019a jamais \u00e9t\u00e9 en vacances \u00bb, loin de son jardin, le Racing cultive son paradoxe-20\/04\/2025 Brest &hellip; <a href=\"https:\/\/www.sitercl.com\/News\/?p=14816\" class=\"more-link\">Continuer la lecture<span class=\"screen-reader-text\"> de &laquo;&nbsp;Revue du Web : Brest &#8211; Lens&nbsp;&raquo;<\/span><\/a><\/p>\n","protected":false},"author":2,"featured_media":0,"comment_status":"closed","ping_status":"open","sticky":false,"template":"","format":"standard","meta":{"footnotes":""},"categories":[2],"tags":[],"class_list":["post-14816","post","type-post","status-publish","format-standard","hentry","category-infos"],"_links":{"self":[{"href":"https:\/\/www.sitercl.com\/News\/index.php?rest_route=\/wp\/v2\/posts\/14816","targetHints":{"allow":["GET"]}}],"collection":[{"href":"https:\/\/www.sitercl.com\/News\/index.php?rest_route=\/wp\/v2\/posts"}],"about":[{"href":"https:\/\/www.sitercl.com\/News\/index.php?rest_route=\/wp\/v2\/types\/post"}],"author":[{"embeddable":true,"href":"https:\/\/www.sitercl.com\/News\/index.php?rest_route=\/wp\/v2\/users\/2"}],"replies":[{"embeddable":true,"href":"https:\/\/www.sitercl.com\/News\/index.php?rest_route=%2Fwp%2Fv2%2Fcomments&post=14816"}],"version-history":[{"count":12,"href":"https:\/\/www.sitercl.com\/News\/index.php?rest_route=\/wp\/v2\/posts\/14816\/revisions"}],"predecessor-version":[{"id":14860,"href":"https:\/\/www.sitercl.com\/News\/index.php?rest_route=\/wp\/v2\/posts\/14816\/revisions\/14860"}],"wp:attachment":[{"href":"https:\/\/www.sitercl.com\/News\/index.php?rest_route=%2Fwp%2Fv2%2Fmedia&parent=14816"}],"wp:term":[{"taxonomy":"category","embeddable":true,"href":"https:\/\/www.sitercl.com\/News\/index.php?rest_route=%2Fwp%2Fv2%2Fcategories&post=14816"},{"taxonomy":"post_tag","embeddable":true,"href":"https:\/\/www.sitercl.com\/News\/index.php?rest_route=%2Fwp%2Fv2%2Ftags&post=14816"}],"curies":[{"name":"wp","href":"https:\/\/api.w.org\/{rel}","templated":true}]}}