{"id":1550,"date":"2019-07-25T11:41:47","date_gmt":"2019-07-25T09:41:47","guid":{"rendered":"https:\/\/www.sitercl.com\/News\/?p=1550"},"modified":"2019-07-25T11:53:48","modified_gmt":"2019-07-25T09:53:48","slug":"pret-de-2-ans-pour-jader-valencia","status":"publish","type":"post","link":"https:\/\/www.sitercl.com\/News\/?p=1550","title":{"rendered":"Pr\u00eat de 2 ans pour Jader Valencia"},"content":{"rendered":"\n<div class=\"wp-block-image\"><figure class=\"alignright\"><img decoding=\"async\" src=\"https:\/\/www.sitercl.com\/Fichejo\/V\/valencij.gif\" alt=\"\"\/><\/figure><\/div>\n\n\n\n<p>Si <a href=\"https:\/\/www.sitercl.com\/News\/?post_type=post&amp;p=1536\">comme pr\u00e9vu<\/a> le club a officialis\u00e9 l&rsquo;arriv\u00e9e de Jader Valencia, la petite surprise vient de la dur\u00e9e de son pr\u00eat. En effet, on est plus habitu\u00e9 \u00e0 une p\u00e9riode d&rsquo;une saison voire une demi-saison lors de la p\u00e9riode du mercato hivernal mais cette fois, le jeune attaquant Colombien (19 ans) est pr\u00eat\u00e9 par le Millonarios FC de Bogota pour les deux prochaines saisons\u2026 Il faut dire que les n\u00e9gociations n&rsquo;ont pas d\u00fb \u00eatre trop difficile \u00e0 mener entre les deux pr\u00e9sidents de club puisque, faut-il le rappeler ? C&rsquo;est Joseph Oughourlian dans les deux cas !<br>Avec cette p\u00e9riode, il aura certainement la possibilit\u00e9 de mieux s&rsquo;int\u00e9grer en apprenant la langue fran\u00e7aise et jouer dans un premier temps avec l&rsquo;\u00e9quipe r\u00e9serve.<\/p>\n","protected":false},"excerpt":{"rendered":"<p>Si comme pr\u00e9vu le club a officialis\u00e9 l&rsquo;arriv\u00e9e de Jader Valencia, la petite surprise vient de la dur\u00e9e de son pr\u00eat. En effet, on est plus habitu\u00e9 \u00e0 une p\u00e9riode d&rsquo;une saison voire une demi-saison lors de la p\u00e9riode du mercato hivernal mais cette fois, le jeune attaquant Colombien (19 ans) est pr\u00eat\u00e9 par le &hellip; <a href=\"https:\/\/www.sitercl.com\/News\/?p=1550\" class=\"more-link\">Continuer la lecture<span class=\"screen-reader-text\"> de &laquo;&nbsp;Pr\u00eat de 2 ans pour Jader Valencia&nbsp;&raquo;<\/span><\/a><\/p>\n","protected":false},"author":2,"featured_media":0,"comment_status":"closed","ping_status":"open","sticky":false,"template":"","format":"standard","meta":{"footnotes":""},"categories":[2],"tags":[64,204,19,198,58,205],"class_list":["post-1550","post","type-post","status-publish","format-standard","hentry","category-infos","tag-mercato","tag-millonarios","tag-oughourlian","tag-pret","tag-transfert","tag-valencia"],"_links":{"self":[{"href":"https:\/\/www.sitercl.com\/News\/index.php?rest_route=\/wp\/v2\/posts\/1550","targetHints":{"allow":["GET"]}}],"collection":[{"href":"https:\/\/www.sitercl.com\/News\/index.php?rest_route=\/wp\/v2\/posts"}],"about":[{"href":"https:\/\/www.sitercl.com\/News\/index.php?rest_route=\/wp\/v2\/types\/post"}],"author":[{"embeddable":true,"href":"https:\/\/www.sitercl.com\/News\/index.php?rest_route=\/wp\/v2\/users\/2"}],"replies":[{"embeddable":true,"href":"https:\/\/www.sitercl.com\/News\/index.php?rest_route=%2Fwp%2Fv2%2Fcomments&post=1550"}],"version-history":[{"count":2,"href":"https:\/\/www.sitercl.com\/News\/index.php?rest_route=\/wp\/v2\/posts\/1550\/revisions"}],"predecessor-version":[{"id":1552,"href":"https:\/\/www.sitercl.com\/News\/index.php?rest_route=\/wp\/v2\/posts\/1550\/revisions\/1552"}],"wp:attachment":[{"href":"https:\/\/www.sitercl.com\/News\/index.php?rest_route=%2Fwp%2Fv2%2Fmedia&parent=1550"}],"wp:term":[{"taxonomy":"category","embeddable":true,"href":"https:\/\/www.sitercl.com\/News\/index.php?rest_route=%2Fwp%2Fv2%2Fcategories&post=1550"},{"taxonomy":"post_tag","embeddable":true,"href":"https:\/\/www.sitercl.com\/News\/index.php?rest_route=%2Fwp%2Fv2%2Ftags&post=1550"}],"curies":[{"name":"wp","href":"https:\/\/api.w.org\/{rel}","templated":true}]}}