{"id":15521,"date":"2025-09-03T19:01:13","date_gmt":"2025-09-03T17:01:13","guid":{"rendered":"https:\/\/www.sitercl.com\/News\/?p=15521"},"modified":"2025-09-04T19:23:51","modified_gmt":"2025-09-04T17:23:51","slug":"rennes-lens-en-cloture-de-la-6e-journee","status":"publish","type":"post","link":"https:\/\/www.sitercl.com\/News\/?p=15521","title":{"rendered":"Rennes &#8211; Lens en cl\u00f4ture de la 6e journ\u00e9e"},"content":{"rendered":"<div class=\"wp-block-image\">\n<figure class=\"alignright size-large\"><img decoding=\"async\" src=\"https:\/\/www.sitercl.com\/Clubs\/France\/rennesst.gif\" alt=\"\"\/><\/figure>\n<\/div>\n\n\n<p>Le programme de la 6e journ\u00e9e de Ligue 1 McDonald&rsquo;s a \u00e9t\u00e9 communiqu\u00e9. La rencontre entre le Stade Rennais et le RC Lens viendra cl\u00f4turer cette journ\u00e9e et se jouera donc le dimanche 28 septembre 2025 \u00e0 partir de 20h45 avec une diffusion en direct sur Ligue 1+.<\/p>\n\n\n\n<p><strong>Le programme de la 6e journ\u00e9e de L1 <\/strong>:<\/p>\n\n\n\n<p><em>Vendredi 26 septembre 2025 \u00e0 20h45\u00a0sur Ligue 1+<\/em><br>RC Strasbourg Alsace \u2013 Olympique de Marseille<\/p>\n\n\n\n<p><em>Samedi 27 septembre 2025 \u00e0 17h00 sur Ligue 1+<\/em><br>FC Lorient \u2013 AS Monaco<\/p>\n\n\n\n<p><em>Samedi 27 septembre 2025 \u00e0 19h00 sur Ligue 1+<\/em><br>Toulouse FC \u2013 FC Nantes<\/p>\n\n\n\n<p><em>Samedi 27 septembre 2025 \u00e0 21h05 sur Ligue 1+<\/em><br>Paris Saint-Germain \u2013 AJ Auxerre<\/p>\n\n\n\n<p><em>Dimanche 28 septembre 2025 \u00e0 15h00 sur Ligue 1+<\/em><br>OGC Nice \u2013 Paris FC<\/p>\n\n\n\n<p><em>Dimanche 28 septembre 2025 \u00e0 17h15 sur beIN SPORTS 1<\/em><br>LOSC Lille \u2013 Olympique Lyonnais<\/p>\n\n\n\n<p><em>Dimanche 28 septembre 2025 \u00e0 17h15 sur Ligue 1+<\/em><br>Angers SCO \u2013 Stade Brestois 29<br>FC Metz \u2013 Havre AC<\/p>\n\n\n\n<p><em>Dimanche 28 septembre 2025 \u00e0 20h45 sur Ligue 1+<\/em><br><strong>Stade Rennais FC \u2013 RC Lens<\/strong><\/p>\n","protected":false},"excerpt":{"rendered":"<p>Le programme de la 6e journ\u00e9e de Ligue 1 McDonald&rsquo;s a \u00e9t\u00e9 communiqu\u00e9. La rencontre entre le Stade Rennais et le RC Lens viendra cl\u00f4turer cette journ\u00e9e et se jouera donc le dimanche 28 septembre 2025 \u00e0 partir de 20h45 avec une diffusion en direct sur Ligue 1+. Le programme de la 6e journ\u00e9e de &hellip; <a href=\"https:\/\/www.sitercl.com\/News\/?p=15521\" class=\"more-link\">Continuer la lecture<span class=\"screen-reader-text\"> de &laquo;&nbsp;Rennes &#8211; Lens en cl\u00f4ture de la 6e journ\u00e9e&nbsp;&raquo;<\/span><\/a><\/p>\n","protected":false},"author":2,"featured_media":0,"comment_status":"closed","ping_status":"open","sticky":false,"template":"","format":"standard","meta":{"footnotes":""},"categories":[2],"tags":[151,739,17,348,38],"class_list":["post-15521","post","type-post","status-publish","format-standard","hentry","category-infos","tag-ligue-1","tag-ligue1","tag-programme","tag-rennes","tag-tv"],"_links":{"self":[{"href":"https:\/\/www.sitercl.com\/News\/index.php?rest_route=\/wp\/v2\/posts\/15521","targetHints":{"allow":["GET"]}}],"collection":[{"href":"https:\/\/www.sitercl.com\/News\/index.php?rest_route=\/wp\/v2\/posts"}],"about":[{"href":"https:\/\/www.sitercl.com\/News\/index.php?rest_route=\/wp\/v2\/types\/post"}],"author":[{"embeddable":true,"href":"https:\/\/www.sitercl.com\/News\/index.php?rest_route=\/wp\/v2\/users\/2"}],"replies":[{"embeddable":true,"href":"https:\/\/www.sitercl.com\/News\/index.php?rest_route=%2Fwp%2Fv2%2Fcomments&post=15521"}],"version-history":[{"count":1,"href":"https:\/\/www.sitercl.com\/News\/index.php?rest_route=\/wp\/v2\/posts\/15521\/revisions"}],"predecessor-version":[{"id":15522,"href":"https:\/\/www.sitercl.com\/News\/index.php?rest_route=\/wp\/v2\/posts\/15521\/revisions\/15522"}],"wp:attachment":[{"href":"https:\/\/www.sitercl.com\/News\/index.php?rest_route=%2Fwp%2Fv2%2Fmedia&parent=15521"}],"wp:term":[{"taxonomy":"category","embeddable":true,"href":"https:\/\/www.sitercl.com\/News\/index.php?rest_route=%2Fwp%2Fv2%2Fcategories&post=15521"},{"taxonomy":"post_tag","embeddable":true,"href":"https:\/\/www.sitercl.com\/News\/index.php?rest_route=%2Fwp%2Fv2%2Ftags&post=15521"}],"curies":[{"name":"wp","href":"https:\/\/api.w.org\/{rel}","templated":true}]}}