{"id":15523,"date":"2025-09-03T19:17:00","date_gmt":"2025-09-03T17:17:00","guid":{"rendered":"https:\/\/www.sitercl.com\/News\/?p=15523"},"modified":"2025-09-03T19:17:00","modified_gmt":"2025-09-03T17:17:00","slug":"leca-revient-sur-lechec-du-transfert-de-sinayoko","status":"publish","type":"post","link":"https:\/\/www.sitercl.com\/News\/?p=15523","title":{"rendered":"Leca revient sur l&rsquo;\u00e9chec du transfert de Sinayoko"},"content":{"rendered":"<div class=\"wp-block-image\">\n<figure class=\"alignright size-large\"><img decoding=\"async\" src=\"https:\/\/www.sitercl.com\/Fichejo\/L\/lecajean.gif\" alt=\"\"\/><\/figure>\n<\/div>\n\n\n<p>Mardi soir dans \u00ab<em>\u00a0Rothen s\u2019enflamme\u00a0<\/em>\u00bb, sur les ondes de RMC, le directeur sportif du RC Lens, <strong>Jean-Louis Leca <\/strong>a donn\u00e9 sa version des faits sur l\u2019\u00e9chec du transfert annonc\u00e9 de l\u2019attaquant d&rsquo;Auxerre, Lassine Sinayoko. Et le moins qu&rsquo;on puisse dire c&rsquo;est qu&rsquo;il est remont\u00e9 contre l&rsquo;AJA !<\/p>\n\n\n\n<p>Il a pr\u00e9cis\u00e9 que le joueur n&rsquo;\u00e9tait pas en cause, celui-ci voulait venir mais il a \u00e9t\u00e9 pris en otage le dimanche alors que sa visite m\u00e9dicale \u00e9tait pourtant programm\u00e9e pour le lendemain. L&rsquo;AJA a \u00ab\u00a0tout simplement\u00a0\u00bb interdit le joueur de d\u00e9placement et l&rsquo;a menac\u00e9 de repr\u00e9sailles.<\/p>\n\n\n\n<p>Pourtant les trois parties s\u2019\u00e9taient entendu sur un contrat de quatre ans et un transfert autour de huit millions d\u2019euros. Et pas simplement uniquement par t\u00e9l\u00e9phone, Jean-Louis Leca indique \u00eatre all\u00e9 manger avec le directeur sportif et le pr\u00e9sident \u00e0 Auxerre avec une n\u00e9gociation de trois heures \u00e0 table. Et il \u00e9voque la fin de son d\u00e9placement : \u00a0\u00ab<em>\u00a0On s\u2019est serr\u00e9 la main. Je leur ai dit :\u00a0<\/em>\u201cOn est des hommes et j\u2019esp\u00e8re qu\u2019on restera des hommes\u201d.<em>\u00a0J\u2019ai serr\u00e9 la main \u00e0 des gens qui m\u2019ont regard\u00e9 dans les yeux et qui m\u2019ont dit :<\/em>\u00a0\u201cOn est des hommes ici \u00e0 Auxerre\u201d. <em>Apparemment ce n\u2019\u00e9tait pas des hommes.\u00a0<\/em>\u00bb pour reprendre ses mots&#8230;<\/p>\n","protected":false},"excerpt":{"rendered":"<p>Mardi soir dans \u00ab\u00a0Rothen s\u2019enflamme\u00a0\u00bb, sur les ondes de RMC, le directeur sportif du RC Lens, Jean-Louis Leca a donn\u00e9 sa version des faits sur l\u2019\u00e9chec du transfert annonc\u00e9 de l\u2019attaquant d&rsquo;Auxerre, Lassine Sinayoko. Et le moins qu&rsquo;on puisse dire c&rsquo;est qu&rsquo;il est remont\u00e9 contre l&rsquo;AJA ! Il a pr\u00e9cis\u00e9 que le joueur n&rsquo;\u00e9tait pas &hellip; <a href=\"https:\/\/www.sitercl.com\/News\/?p=15523\" class=\"more-link\">Continuer la lecture<span class=\"screen-reader-text\"> de &laquo;&nbsp;Leca revient sur l&rsquo;\u00e9chec du transfert de Sinayoko&nbsp;&raquo;<\/span><\/a><\/p>\n","protected":false},"author":2,"featured_media":0,"comment_status":"closed","ping_status":"open","sticky":false,"template":"","format":"standard","meta":{"footnotes":""},"categories":[2],"tags":[104,171,67,64,750],"class_list":["post-15523","post","type-post","status-publish","format-standard","hentry","category-infos","tag-auxerre","tag-interview","tag-leca","tag-mercato","tag-sinayoko"],"_links":{"self":[{"href":"https:\/\/www.sitercl.com\/News\/index.php?rest_route=\/wp\/v2\/posts\/15523","targetHints":{"allow":["GET"]}}],"collection":[{"href":"https:\/\/www.sitercl.com\/News\/index.php?rest_route=\/wp\/v2\/posts"}],"about":[{"href":"https:\/\/www.sitercl.com\/News\/index.php?rest_route=\/wp\/v2\/types\/post"}],"author":[{"embeddable":true,"href":"https:\/\/www.sitercl.com\/News\/index.php?rest_route=\/wp\/v2\/users\/2"}],"replies":[{"embeddable":true,"href":"https:\/\/www.sitercl.com\/News\/index.php?rest_route=%2Fwp%2Fv2%2Fcomments&post=15523"}],"version-history":[{"count":1,"href":"https:\/\/www.sitercl.com\/News\/index.php?rest_route=\/wp\/v2\/posts\/15523\/revisions"}],"predecessor-version":[{"id":15524,"href":"https:\/\/www.sitercl.com\/News\/index.php?rest_route=\/wp\/v2\/posts\/15523\/revisions\/15524"}],"wp:attachment":[{"href":"https:\/\/www.sitercl.com\/News\/index.php?rest_route=%2Fwp%2Fv2%2Fmedia&parent=15523"}],"wp:term":[{"taxonomy":"category","embeddable":true,"href":"https:\/\/www.sitercl.com\/News\/index.php?rest_route=%2Fwp%2Fv2%2Fcategories&post=15523"},{"taxonomy":"post_tag","embeddable":true,"href":"https:\/\/www.sitercl.com\/News\/index.php?rest_route=%2Fwp%2Fv2%2Ftags&post=15523"}],"curies":[{"name":"wp","href":"https:\/\/api.w.org\/{rel}","templated":true}]}}