{"id":15776,"date":"2025-10-21T19:26:10","date_gmt":"2025-10-21T17:26:10","guid":{"rendered":"https:\/\/www.sitercl.com\/News\/?p=15776"},"modified":"2025-10-21T19:26:10","modified_gmt":"2025-10-21T17:26:10","slug":"larbitre-de-rcl-om","status":"publish","type":"post","link":"https:\/\/www.sitercl.com\/News\/?p=15776","title":{"rendered":"L&rsquo;arbitre de RCL &#8211; OM"},"content":{"rendered":"<div class=\"wp-block-image\">\n<figure class=\"alignright size-full\"><img loading=\"lazy\" decoding=\"async\" width=\"130\" height=\"130\" src=\"https:\/\/www.sitercl.com\/News\/wp-content\/uploads\/2018\/12\/sifflet.jpg\" alt=\"\" class=\"wp-image-270\"\/><\/figure>\n<\/div>\n\n\n<p>On conna\u00eet les arbitres qui ont \u00e9t\u00e9 d\u00e9sign\u00e9s pour la 9e journ\u00e9e de Ligue 1 McDonald&rsquo;s. C&rsquo;est Mme St\u00e9phanie FRAPPART qui a \u00e9t\u00e9 nomm\u00e9e pour la rencontre entre le RC Lens et l&rsquo;Olympique de Marseille qui se jouera ce samedi \u00e0 partir de 21h05 au stade Bollaert-Delelis.<\/p>\n\n\n\n<p>Elle sera assit\u00e9e dans sa t\u00e2che par Mika\u00ebl BERCHEBRU et Alexis AUGER. Le 4e arbitre sera R\u00e9mi LANDRY. Les arbitres assistants vid\u00e9o\u00a0: J\u00e9r\u00f4me BRISARD et St\u00e9phane BR\u00c9.<\/p>\n\n\n\n<p>Mme St\u00e9phanie FRAPPART est n\u00e9e le 14 d\u00e9cembre 1983 (41 ans). Elle est arbitre FIFA depuis 2009.<br>Cette saison, elle a dirig\u00e9 2 matches en Ligue 1 o\u00f9 elle a distribu\u00e9 au total de 5 cartons jaune.<\/p>\n\n\n\n<p>La saison derni\u00e8re, elle a arbitr\u00e9 deux matches des Sang et Or&#8230;<br>7e journ\u00e9e de L1, Strasbourg <a href=\"https:\/\/www.sitercl.com\/Matches\/2024-25\/Champion\/Ext\/strasbrc.htm\">2-2<\/a> Lens<br>26e journ\u00e9e de L1, Lens <a href=\"https:\/\/www.sitercl.com\/Matches\/2024-25\/Champion\/Domicile\/rennesst.htm\">1-0<\/a> Rennes <\/p>\n","protected":false},"excerpt":{"rendered":"<p>On conna\u00eet les arbitres qui ont \u00e9t\u00e9 d\u00e9sign\u00e9s pour la 9e journ\u00e9e de Ligue 1 McDonald&rsquo;s. C&rsquo;est Mme St\u00e9phanie FRAPPART qui a \u00e9t\u00e9 nomm\u00e9e pour la rencontre entre le RC Lens et l&rsquo;Olympique de Marseille qui se jouera ce samedi \u00e0 partir de 21h05 au stade Bollaert-Delelis. Elle sera assit\u00e9e dans sa t\u00e2che par Mika\u00ebl &hellip; <a href=\"https:\/\/www.sitercl.com\/News\/?p=15776\" class=\"more-link\">Continuer la lecture<span class=\"screen-reader-text\"> de &laquo;&nbsp;L&rsquo;arbitre de RCL &#8211; OM&nbsp;&raquo;<\/span><\/a><\/p>\n","protected":false},"author":2,"featured_media":0,"comment_status":"closed","ping_status":"open","sticky":false,"template":"","format":"standard","meta":{"footnotes":""},"categories":[2],"tags":[53,151,387],"class_list":["post-15776","post","type-post","status-publish","format-standard","hentry","category-infos","tag-arbitre","tag-ligue-1","tag-marseille"],"_links":{"self":[{"href":"https:\/\/www.sitercl.com\/News\/index.php?rest_route=\/wp\/v2\/posts\/15776","targetHints":{"allow":["GET"]}}],"collection":[{"href":"https:\/\/www.sitercl.com\/News\/index.php?rest_route=\/wp\/v2\/posts"}],"about":[{"href":"https:\/\/www.sitercl.com\/News\/index.php?rest_route=\/wp\/v2\/types\/post"}],"author":[{"embeddable":true,"href":"https:\/\/www.sitercl.com\/News\/index.php?rest_route=\/wp\/v2\/users\/2"}],"replies":[{"embeddable":true,"href":"https:\/\/www.sitercl.com\/News\/index.php?rest_route=%2Fwp%2Fv2%2Fcomments&post=15776"}],"version-history":[{"count":1,"href":"https:\/\/www.sitercl.com\/News\/index.php?rest_route=\/wp\/v2\/posts\/15776\/revisions"}],"predecessor-version":[{"id":15777,"href":"https:\/\/www.sitercl.com\/News\/index.php?rest_route=\/wp\/v2\/posts\/15776\/revisions\/15777"}],"wp:attachment":[{"href":"https:\/\/www.sitercl.com\/News\/index.php?rest_route=%2Fwp%2Fv2%2Fmedia&parent=15776"}],"wp:term":[{"taxonomy":"category","embeddable":true,"href":"https:\/\/www.sitercl.com\/News\/index.php?rest_route=%2Fwp%2Fv2%2Fcategories&post=15776"},{"taxonomy":"post_tag","embeddable":true,"href":"https:\/\/www.sitercl.com\/News\/index.php?rest_route=%2Fwp%2Fv2%2Ftags&post=15776"}],"curies":[{"name":"wp","href":"https:\/\/api.w.org\/{rel}","templated":true}]}}