{"id":15778,"date":"2025-10-26T08:03:17","date_gmt":"2025-10-26T07:03:17","guid":{"rendered":"https:\/\/www.sitercl.com\/News\/?p=15778"},"modified":"2025-10-27T11:58:17","modified_gmt":"2025-10-27T10:58:17","slug":"revue-du-web-rcl-om","status":"publish","type":"post","link":"https:\/\/www.sitercl.com\/News\/?p=15778","title":{"rendered":"Revue du web RCL &#8211; OM"},"content":{"rendered":"<div class=\"wp-block-image\">\n<figure class=\"alignright size-full\"><img loading=\"lazy\" decoding=\"async\" width=\"150\" height=\"106\" src=\"https:\/\/www.sitercl.com\/News\/wp-content\/uploads\/2019\/01\/clavball.png\" alt=\"\" class=\"wp-image-587\"\/><\/figure>\n<\/div>\n\n\n<p>Retrouvez une s\u00e9lection d&rsquo;articles du Web sur la rencontre de la 9e journ\u00e9e de Ligue 1 McDonald&rsquo;s saison 2025\/2026 entre le RC Lens et l&rsquo;Olympique de Marseille (2-1)&#8230;<br><br><b>www.lavoixdunord.fr<\/b> :<br>-26\/10\/2025 <a href=\"https:\/\/www.lavoixdunord.fr\/1639827\/article\/2025-10-26\/lens-marseille-je-n-avais-pas-forcement-envie-de-le-tirer-face-l-om-pourquoi\" target=\"_blank\" rel=\"noopener\">\u00ab Je ne sais pas ce qui s\u2019est pass\u00e9 dans sa t\u00eate \u00bb : pourquoi Florian Thauvin a laiss\u00e9 le penalty \u00e0 Odsonne \u00c9douard lors de Lens &#8211; Marseille<\/a><br>-26\/10\/2025 <a href=\"https:\/\/www.lavoixdunord.fr\/1639810\/article\/2025-10-26\/trois-buts-en-trois-journees-odsonne-edouard-le-buteur-qu-attendait-le-rc-lens\" target=\"_blank\" rel=\"noopener\">\u00ab J\u2019esp\u00e8re qu\u2019il en est au d\u00e9but \u00bb : trois buts en trois journ\u00e9es, Odsonne Edouard, le buteur que le RC Lens attendait<\/a><br>-26\/10\/2025 <a href=\"https:\/\/www.lavoixdunord.fr\/1639798\/article\/2025-10-26\/lens-marseille-ils-sont-pas-prets-mercato-valide\" target=\"_blank\" rel=\"noopener\">Lens \u2013 Marseille : \u00ab Ils sont pas pr\u00eats ! \u00bb, mercato valid\u00e9 !<\/a><br>-26\/10\/2025 <a href=\"https:\/\/www.lavoixdunord.fr\/1639780\/article\/2025-10-26\/lens-marseille-cette-defaite-est-pour-moi-benjamin-pavard-presente-ses-excuses\" target=\"_blank\" rel=\"noopener\">Lens \u2013 Marseille : \u00ab Cette d\u00e9faite est pour moi \u00bb, Benjamin Pavard a pr\u00e9sent\u00e9 ses excuses<\/a><br>-26\/10\/2025 <a href=\"https:\/\/www.lavoixdunord.fr\/1639657\/article\/2025-10-26\/apres-sa-victoire-contre-marseille-le-rc-lens-encore-de-la-marge-selon-pierre\" target=\"_blank\" rel=\"noopener\">Apr\u00e8s sa victoire contre Marseille, le RC Lens a \u00ab encore de la marge \u00bb, selon Pierre Sage<\/a><br>-26\/10\/2025 <a href=\"https:\/\/www.lavoixdunord.fr\/1639656\/article\/2025-10-26\/lens-marseille-toujours-ete-ambitieux-matthieu-udol-se-rejouit-d-etre-sur-le\" target=\"_blank\" rel=\"noopener\">Lens \u2013 Marseille : \u00ab On a toujours \u00e9t\u00e9 ambitieux \u00bb, Matthieu Udol se r\u00e9jouit d\u2019\u00eatre sur le podium<\/a><br>-25\/10\/2025 <a href=\"https:\/\/www.lavoixdunord.fr\/1639652\/article\/2025-10-25\/lens-om-ramene-0-point-alors-qu-ete-meilleurs-que-lens-estime-roberto-de-zerbi\" target=\"_blank\" rel=\"noopener\">Lens \u2013 OM : \u00ab On ram\u00e8ne 0 point alors qu\u2019on a \u00e9t\u00e9 meilleurs que Lens \u00bb, estime Roberto de Zerbi<\/a><br>-25\/10\/2025 <a href=\"https:\/\/www.lavoixdunord.fr\/1639651\/article\/2025-10-25\/lens-marseille-ce-racing-qu-n-attendait-pas-pareille-fete\" target=\"_blank\" rel=\"noopener\">Lens &#8211; Marseille : ce Racing qu\u2019on n\u2019attendait pas \u00e0 pareille f\u00eate !<\/a><br>-26\/10\/2025 <a href=\"https:\/\/www.lavoixdunord.fr\/1639631\/article\/2025-10-25\/direct-lens-marseille-les-sang-et-or-visent-les-sommets-face-l-om\" target=\"_blank\" rel=\"noopener\">Lens \u2013 Marseille : le Racing l\u2019emporte et devient nouveau dauphin du PSG<\/a><br>-26\/10\/2025 <a href=\"https:\/\/www.lavoixdunord.fr\/1639836\/article\/2025-10-26\/lens-om-le-gros-clin-d-oeil-des-kso-muriel-sur-le-tifo-d-avant-match\" target=\"_blank\" rel=\"noopener\">Lens \u2013 OM : le (gros) clin d\u2019\u0153il des KSO \u00e0 Muriel sur le tifo d\u2019avant-match<\/a><br><br><b>www.lequipe.fr<\/b> :<br>-25\/10\/2025 <a href=\"https:\/\/www.lequipe.fr\/Football\/Actualites\/Plombe-par-pavard-l-om-chute-a-lens-et-perd-sa-place-de-leader\/1604717\" target=\"_blank\" rel=\"noopener\">Plomb\u00e9 par Pavard, l&rsquo;OM chute \u00e0 Lens et perd sa place de leader<\/a><br><br><b>www.footmercato.net<\/b> :<br>-25\/10\/2025 <a href=\"https:\/\/www.footmercato.net\/a1165562232529803213-lens-om-les-notes-du-match\" target=\"_blank\" rel=\"noopener\">Lens &#8211; OM : les notes du match<\/a><br><br><b>www.maxifoot.fr<\/b> :<br>-25\/10\/2025 <a href=\"https:\/\/www.maxifoot.fr\/football\/article-62811.htm\" target=\"_blank\" rel=\"noopener\">La semaine noire de l&rsquo;OM &#8211; D\u00e9brief et NOTES des joueurs (RCL 2-1 OM)<\/a><br>-25\/10\/2025 <a href=\"https:\/\/news.maxifoot.fr\/lens\/edouard-explique-sa-panenka-foot-443420.htm\" target=\"_blank\" rel=\"noopener\">Lens : Edouard explique sa panenka<\/a><br>-25\/10\/2025 <a href=\"https:\/\/news.maxifoot.fr\/lens\/pas-de-hasard-pour-thomasson-foot-443421.htm\" target=\"_blank\" rel=\"noopener\">Lens : pas de hasard pour Thomasson<\/a><br>-25\/10\/2025 <a href=\"https:\/\/news.maxifoot.fr\/om\/une-defaite-immeritee-pour-aguerd-foot-443418.htm\" target=\"_blank\" rel=\"noopener\">OM : une d\u00e9faite imm\u00e9rit\u00e9e pour Aguerd<\/a><br>-25\/10\/2025 <a href=\"https:\/\/news.maxifoot.fr\/lens\/l-emotion-de-thauvin-foot-443417.htm\" target=\"_blank\" rel=\"noopener\">Lens : l&rsquo;\u00e9motion de Thauvin<\/a><br><br><b>www.eurosport.fr<\/b> :<br>-25\/10\/2025 <a href=\"https:\/\/www.eurosport.fr\/football\/ligue-1\/2025-2026\/ligue-1-lens-simpose-a-bollaert-face-a-lom-2-1-et-lui-reprend-la-place-de-dauphin_sto23234751\/story.shtml\" target=\"_blank\" rel=\"noopener\">Ligue 1 &#8211; Lens s&rsquo;impose \u00e0 Bollaert face \u00e0 l&rsquo;OM (2-1) et lui reprend la place de dauphin<\/a><br><br><b>sports.orange.fr<\/b> :<br>-25\/10\/2025 <a href=\"https:\/\/sports.orange.fr\/football\/ligue-1\/article\/ligue-1-j9-baidoo-pavard-o-riley-les-tops-flops-de-lens-om-exclu-CNT000002losjT.html\" target=\"_blank\" rel=\"noopener\">Ligue 1 (J9) : Baidoo, Pavard, O&rsquo;Riley&#8230; Les tops\/flops de Lens &#8211; OM<\/a><br><br><b>www.sofoot.com<\/b> :<br>-25\/10\/2025 <a href=\"https:\/\/www.sofoot.com\/articles\/ligue-1-lens-renverse-lom-et-grimpe-a-la-deuxieme-place\" target=\"_blank\" rel=\"noopener\">Lens renverse l&rsquo;OM et grimpe \u00e0 la deuxi\u00e8me place &#8211; Ligue 1 &#8211; J9 &#8211; Lens-Marseille (2-1)<\/a><br>-25\/10\/2025 <a href=\"https:\/\/www.sofoot.com\/articles\/ligue-1-les-tops-et-les-flops-de-lens-marseille\" target=\"_blank\" rel=\"noopener\">Les tops et les flops de Lens-Marseille &#8211; Ligue 1 &#8211; J9 &#8211; Lens-Marseille (2-1)<\/a><br><br><b>www.laprovence.com<\/b> :<br>-25\/10\/2025 <a href=\"https:\/\/www.laprovence.com\/article\/om\/4180894400726414\/lens-om-2-1-pavard-une-semaine-en-enfer-decouvrez-les-notes-des-olympiens\" target=\"_blank\" rel=\"noopener\">Lens-OM (2-1) : Pavard, une semaine en enfer&#8230; d\u00e9couvrez les notes des Olympiens<\/a><br>-26\/10\/2025 <a href=\"https:\/\/www.laprovence.com\/article\/om\/4208708502155314\/lens-om-2-1-je-ne-suis-pas-preoccupe-tempere-de-zerbi-apres-la-defaite\" target=\"_blank\" rel=\"noopener\">Lens-OM (2-1) : \u00ab\u00a0Je ne suis pas pr\u00e9occup\u00e9\u00a0\u00bb, temp\u00e8re De Zerbi apr\u00e8s la d\u00e9faite<\/a><br>-26\/10\/2025 <a href=\"https:\/\/www.laprovence.com\/article\/om\/3222931053239114\/lens-om-2-1-les-20-plus-belles-minutes-depuis-que-je-suis-au-club-positive-medhi-benatia\" target=\"_blank\" rel=\"noopener\">Lens-OM (2-1) : \u00ab\u00a0Les 20 plus belles minutes depuis que je suis au club\u00a0\u00bb, positive Medhi Benatia<\/a><\/p>\n\n\n<div class=\"wp-block-image\">\n<figure class=\"aligncenter size-full\"><img loading=\"lazy\" decoding=\"async\" width=\"173\" height=\"2\" src=\"https:\/\/www.sitercl.com\/News\/wp-content\/uploads\/2022\/03\/NAVIsep3.gif\" alt=\"\" class=\"wp-image-7319\"\/><\/figure>\n<\/div>\n\n\n<p><strong><em>Avant match&#8230;<\/em><\/strong><br><br><b>www.lavoixdunord.fr<\/b> :<br>-25\/10\/2025 <a href=\"https:\/\/www.lavoixdunord.fr\/1639423\/article\/2025-10-25\/ligue-1-avec-son-champion-du-monde-florian-thauvin-lens-gagne-sur-tous-les\" target=\"_blank\" rel=\"noopener\">Ligue 1 : avec son champion du monde Florian Thauvin, Lens a gagn\u00e9 sur tous les tableaux, sur et hors du terrain<\/a><br>-25\/10\/2025 <a href=\"https:\/\/www.lavoixdunord.fr\/1639481\/article\/2025-10-25\/lens-om-si-ca-se-trouve-il-ne-savait-meme-pas-mon-nom-quand-pierre-sage-ete-decu\" target=\"_blank\" rel=\"noopener\">Lens \u2013 OM : \u00ab Si \u00e7a se trouve, il ne savait m\u00eame pas mon nom \u00bb, quand Pierre Sage a \u00e9t\u00e9 d\u00e9\u00e7u par le coach marseillais Roberto De Zerbi<\/a><br>-23\/10\/2025 <a href=\"https:\/\/www.lavoixdunord.fr\/1638888\/article\/2025-10-23\/lens-marseille-j-ai-beaucoup-d-impatience-jouer-ce-match-la-et-les-joueurs-aussi\" target=\"_blank\" rel=\"noopener\">Lens \u2013 Marseille : \u00ab J\u2019ai beaucoup d\u2019impatience \u00e0 jouer ce match-l\u00e0, et les joueurs aussi \u00bb<\/a><br>-23\/10\/2025 <a href=\"https:\/\/www.lavoixdunord.fr\/1638961\/article\/2025-10-23\/lens-marseille-samson-baidoo-il-aura-un-avenir-dans-un-grand-club-europeen\" target=\"_blank\" rel=\"noopener\">Lens \u2013 Marseille : \u00ab Samson Baidoo, il aura un avenir dans un grand club europ\u00e9en \u00bb<\/a><br>-23\/10\/2025 <a href=\"https:\/\/www.lavoixdunord.fr\/1638865\/article\/2025-10-23\/lens-marseille-dans-la-tempete-les-joueurs-lensois-se-sont-mouilles\" target=\"_blank\" rel=\"noopener\">Lens &#8211; Marseille : dans la temp\u00eate, \u00ab les joueurs lensois se sont mouill\u00e9s \u00bb<\/a><a href=\"https:\/\/www.lavoixdunord.fr\/1638824\/article\/2025-10-23\/rc-lens-kevin-danso-ne-m-dit-que-de-bonnes-choses-samson-baidoo-en-digne-petit\" target=\"_blank\" rel=\"noopener\">RC Lens : \u00ab Kevin Danso ne m\u2019a dit que de bonnes choses \u00bb, Samson Baidoo en digne \u00ab petit fr\u00e8re \u00bb<\/a><br>-23\/10\/2025 <a href=\"https:\/\/www.lavoixdunord.fr\/1638804\/article\/2025-10-23\/rc-lens-un-effectif-au-complet-pour-defier-l-om\" target=\"_blank\" rel=\"noopener\">RC Lens : un effectif au complet pour d\u00e9fier l\u2019OM<\/a><br>-24\/10\/2025 <a href=\"https:\/\/www.lavoixdunord.fr\/1639303\/article\/2025-10-24\/lens-marseille-les-supporters-de-l-om-autorises-venir-mais-evidemment-de-maniere\" target=\"_blank\" rel=\"noopener\">Lens-Marseille : les supporters de l\u2019OM autoris\u00e9s \u00e0 venir, mais \u00e9videmment de mani\u00e8re encadr\u00e9e<\/a><br>-24\/10\/2025 <a href=\"https:\/\/www.lavoixdunord.fr\/1639244\/article\/2025-10-24\/mercato-rc-lens-en-provenance-de-l-ol-un-nouvel-ailier-s-engage-jusqu-en-2027\" target=\"_blank\" rel=\"noopener\">Mercato RC Lens : en provenance de l\u2019OL, un nouvel ailier s\u2019engage jusqu\u2019en 2027<\/a><br>-22\/10\/2025 <a href=\"https:\/\/www.lavoixdunord.fr\/1638477\/article\/2025-10-22\/rc-lens-la-folie-florian-thauvin-l-entrainement-public\" target=\"_blank\" rel=\"noopener\">RC Lens : la folie Florian Thauvin \u00e0 l\u2019entra\u00eenement public<\/a><br><br><b>www.lequipe.fr<\/b> :<br>-24\/10\/2025 <a href=\"https:\/\/www.lequipe.fr\/Football\/Actualites\/Les-secrets-tactiques-de-lens-equipe-qui-realise-le-plus-d-interceptions-en-ligue-1-quand-l-un-y-va-l-autre-est-la-pour-couvrir\/1604044\" target=\"_blank\" rel=\"noopener\">Les secrets tactiques de Lens, \u00e9quipe qui r\u00e9alise le plus d&rsquo;interceptions en Ligue 1 : \u00ab Quand l&rsquo;un y va, l&rsquo;autre est l\u00e0 pour couvrir \u00bb<\/a><br>-23\/10\/2025 <a href=\"https:\/\/www.lequipe.fr\/Football\/Actualites\/Samson-baidoo-danso-ne-m-a-dit-que-des-belles-choses-sur-lens\/1603996\" target=\"_blank\" rel=\"noopener\">Samson Baidoo : \u00ab Danso ne m&rsquo;a dit que des belles choses sur Lens&#8230; \u00bb<\/a><br>-23\/10\/2025 <a href=\"https:\/\/www.lequipe.fr\/Football\/Actualites\/Deiver-machado-de-retour-dans-le-groupe-pour-lens-om\/1603994\" target=\"_blank\" rel=\"noopener\">Deiver Machado de retour dans le groupe pour Lens-OM<\/a><br>-24\/10\/2025 <a href=\"https:\/\/www.lequipe.fr\/Football\/Actualites\/Le-rc-lens-annonce-l-arrivee-d-un-international-u23-thailandais-en-provenance-de-l-ol\/1604272\" target=\"_blank\" rel=\"noopener\">Le RC Lens annonce l&rsquo;arriv\u00e9e d&rsquo;un international U23 tha\u00eflandais en provenance de l&rsquo;OL<\/a><br><br><b>www.lefigaro.fr<\/b> :<br>-23\/10\/2025 <a href=\"https:\/\/www.lefigaro.fr\/sports\/football\/ligue-1\/ligue-1-pierre-sage-previent-l-om-avant-d-affronter-lens-jamais-lens-ne-se-positionnera-en-victime-20251023\" target=\"_blank\" rel=\"noopener\">Ligue 1 : Pierre Sage pr\u00e9vient l&rsquo;OM, \u00abjamais Lens ne se positionnera en victime\u00bb<\/a><br>-24\/10\/2025 <a href=\"https:\/\/www.lefigaro.fr\/sports\/football\/ligue-1\/ligue-1-l-om-doit-repartir-et-se-rappeler-les-choses-bien-faites-clame-de-zerbi-avant-de-defier-lens-20251024\" target=\"_blank\" rel=\"noopener\">Ligue 1 : l\u2019OM doit \u00abrepartir et se rappeler les choses bien faites\u00bb, clame De Zerbi avant de d\u00e9fier Lens<\/a><br><br><b>www.90min.com<\/b> :<br>-23\/10\/2025 <a href=\"https:\/\/www.90min.com\/fr\/rc-lens-om-les-compos-probables-les-blesses-et-nos-predictions-pour-ce-choc-de-ligue-1-25-10-2025\" target=\"_blank\" rel=\"noopener\">RC Lens &#8211; OM : Les compos probables, les bless\u00e9s et nos pr\u00e9dictions pour ce choc de Ligue 1<\/a><br>-23\/10\/2025 <a href=\"https:\/\/www.90min.com\/fr\/om-pierre-sage-evoque-les-retrouvailles-entre-florian-thauvin-et-marseille-avec-le-rc-lens-25-10-2025\" target=\"_blank\" rel=\"noopener\">OM : Pierre Sage \u00e9voque les retrouvailles entre Florian Thauvin et Marseille avec le RC Lens<\/a><br>-23\/10\/2025 <a href=\"https:\/\/www.90min.com\/fr\/rc-lens-om-sur-quelle-chaine-tv-et-a-quelle-heure-voir-ce-choc-de-haut-de-tableau-de-ligue-1-25-10-2025\" target=\"_blank\" rel=\"noopener\">RC Lens &#8211; OM : Sur quelle cha\u00eene TV et \u00e0 quelle heure voir ce choc de haut de tableau de Ligue 1<\/a><br>-24\/10\/2025 <a href=\"https:\/\/www.90min.com\/fr\/rc-lens-om-l-enorme-pique-de-pierre-sage-visant-l-attitude-de-roberto-de-zerbi\" target=\"_blank\" rel=\"noopener\">RC Lens &#8211; OM : L&rsquo;\u00e9norme pique de Pierre Sage visant l&rsquo;attitude de Roberto De Zerbi<\/a><br><br><b>sportune.20minutes.fr<\/b> :<br>-24\/10\/2025 <a href=\"https:\/\/sportune.20minutes.fr\/rc-lens-un-nouveau-sponsor-sur-le-maillot-dentrainement-382643\" target=\"_blank\" rel=\"noopener\">RC Lens. Un nouveau sponsor sur le maillot d\u2019entra\u00eenement<\/a><br>-25\/10\/2025 <a href=\"https:\/\/sportune.20minutes.fr\/rc-lens-om-qui-va-gagner-selon-opta-382803\" target=\"_blank\" rel=\"noopener\">RC Lens \u2013 OM. Qui va gagner selon Opta ?<\/a><br><br><b>www.eurosport.fr<\/b> :<br>-25\/10\/2025 <a href=\"https:\/\/www.eurosport.fr\/football\/ligue-1\/2025-2026\/vous-navez-encore-rien-vu-lens-peut-compter-sur-la-bonne-forme-de-son-attaquant-odsonne-edouard-avant-daffronter-lom_sto23234077\/story.shtml\" target=\"_blank\" rel=\"noopener\">\u00ab\u00a0Vous n\u2019avez encore rien vu\u00a0\u00bb : Lens peut compter sur la bonne forme de son attaquant Odsonne \u00c9douard avant d&rsquo;affronter l&rsquo;OM<\/a><br><br><b>www.foot-sur7.fr<\/b> :<br>-22\/10\/2025 <a href=\"https:\/\/www.foot-sur7.fr\/701133-mercato-rc-lens-goduine-koyalipou-de-retour-au-rcl\" target=\"_blank\" rel=\"noopener\">Mercato RC Lens : Goduine Koyalipou de retour au RCL ?<\/a><br><br><b>www.olympique-et-lyonnais.com<\/b> :<br>-21\/10\/2025 <a href=\"https:\/\/www.olympique-et-lyonnais.com\/de-lol-a-lens-pierre-sage-reussit-ses-premiers-pas-en-ligue-1,383065.html\" target=\"_blank\" rel=\"noopener\">De l&rsquo;OL \u00e0 Lens, Pierre Sage r\u00e9ussit ses premiers pas en Ligue 1<\/a><br>-24\/10\/2025 <a href=\"https:\/\/www.olympique-et-lyonnais.com\/ol-academie-erawan-garnier-joueur-de-la-reserve-rejoint-lens,383310.html\" target=\"_blank\" rel=\"noopener\">OL Acad\u00e9mie : Erawan Garnier, joueur de la r\u00e9serve, rejoint Lens<\/a><br><br><b>www.pas-de-calais.gouv.fr<\/b> :<br>-23\/10\/2025 <a href=\"https:\/\/www.pas-de-calais.gouv.fr\/Actualites\/Actualites\/Match-Lens-Marseille-encadrement-des-supporters\" target=\"_blank\" rel=\"noopener\">Match Lens-Marseille : encadrement des supporters<\/a><br><br><b>www.laprovence.com<\/b> :<br>-24\/10\/2025 <a href=\"https:\/\/www.laprovence.com\/article\/om\/1488550683925\/lens-om-ce-quil-faut-retenir-de-la-conference-de-presse-de-cj-egan-riley-et-roberto-de-zerbi\" target=\"_blank\" rel=\"noopener\">Lens-OM : ce qu&rsquo;il faut retenir de la conf\u00e9rence de presse de CJ Egan-Riley et Roberto De Zerbi<\/a><br>-24\/10\/2025 <a href=\"https:\/\/www.laprovence.com\/article\/om\/94085482608194\/lens-om-avec-un-millier-de-supporters-marseillais-au-stade-bollaert-delelis\" target=\"_blank\" rel=\"noopener\">Lens-OM : avec un millier de supporters marseillais au stade Bollaert-Delelis<\/a><br>-24\/10\/2025 <a href=\"https:\/\/www.laprovence.com\/article\/om\/304431514694814\/om-stephanie-frappart-au-sifflet-face-a-lens\" target=\"_blank\" rel=\"noopener\">OM : St\u00e9phanie Frappart au sifflet face \u00e0 Lens<\/a><br>-25\/10\/2025 <a href=\"https:\/\/www.laprovence.com\/article\/om\/1488128797918114\/lens-om-les-trois-choses-a-savoir-sur-le-match\" target=\"_blank\" rel=\"noopener\">Lens-OM : les trois choses \u00e0 savoir sur le match<\/a><\/p>\n","protected":false},"excerpt":{"rendered":"<p>Retrouvez une s\u00e9lection d&rsquo;articles du Web sur la rencontre de la 9e journ\u00e9e de Ligue 1 McDonald&rsquo;s saison 2025\/2026 entre le RC Lens et l&rsquo;Olympique de Marseille (2-1)&#8230; www.lavoixdunord.fr :-26\/10\/2025 \u00ab Je ne sais pas ce qui s\u2019est pass\u00e9 dans sa t\u00eate \u00bb : pourquoi Florian Thauvin a laiss\u00e9 le penalty \u00e0 Odsonne \u00c9douard lors &hellip; <a href=\"https:\/\/www.sitercl.com\/News\/?p=15778\" class=\"more-link\">Continuer la lecture<span class=\"screen-reader-text\"> de &laquo;&nbsp;Revue du web RCL &#8211; OM&nbsp;&raquo;<\/span><\/a><\/p>\n","protected":false},"author":2,"featured_media":0,"comment_status":"closed","ping_status":"open","sticky":false,"template":"","format":"standard","meta":{"footnotes":""},"categories":[6],"tags":[13,151,387],"class_list":["post-15778","post","type-post","status-publish","format-standard","hentry","category-revue-du-web","tag-internet","tag-ligue-1","tag-marseille"],"_links":{"self":[{"href":"https:\/\/www.sitercl.com\/News\/index.php?rest_route=\/wp\/v2\/posts\/15778","targetHints":{"allow":["GET"]}}],"collection":[{"href":"https:\/\/www.sitercl.com\/News\/index.php?rest_route=\/wp\/v2\/posts"}],"about":[{"href":"https:\/\/www.sitercl.com\/News\/index.php?rest_route=\/wp\/v2\/types\/post"}],"author":[{"embeddable":true,"href":"https:\/\/www.sitercl.com\/News\/index.php?rest_route=\/wp\/v2\/users\/2"}],"replies":[{"embeddable":true,"href":"https:\/\/www.sitercl.com\/News\/index.php?rest_route=%2Fwp%2Fv2%2Fcomments&post=15778"}],"version-history":[{"count":15,"href":"https:\/\/www.sitercl.com\/News\/index.php?rest_route=\/wp\/v2\/posts\/15778\/revisions"}],"predecessor-version":[{"id":15823,"href":"https:\/\/www.sitercl.com\/News\/index.php?rest_route=\/wp\/v2\/posts\/15778\/revisions\/15823"}],"wp:attachment":[{"href":"https:\/\/www.sitercl.com\/News\/index.php?rest_route=%2Fwp%2Fv2%2Fmedia&parent=15778"}],"wp:term":[{"taxonomy":"category","embeddable":true,"href":"https:\/\/www.sitercl.com\/News\/index.php?rest_route=%2Fwp%2Fv2%2Fcategories&post=15778"},{"taxonomy":"post_tag","embeddable":true,"href":"https:\/\/www.sitercl.com\/News\/index.php?rest_route=%2Fwp%2Fv2%2Ftags&post=15778"}],"curies":[{"name":"wp","href":"https:\/\/api.w.org\/{rel}","templated":true}]}}