{"id":15787,"date":"2025-10-24T18:14:09","date_gmt":"2025-10-24T16:14:09","guid":{"rendered":"https:\/\/www.sitercl.com\/News\/?p=15787"},"modified":"2025-10-24T18:25:17","modified_gmt":"2025-10-24T16:25:17","slug":"un-international-thailandais-u23-a-lens","status":"publish","type":"post","link":"https:\/\/www.sitercl.com\/News\/?p=15787","title":{"rendered":"Un international tha\u00eflandais U23 \u00e0 Lens"},"content":{"rendered":"<div class=\"wp-block-image\">\n<figure class=\"alignright size-full\"><img loading=\"lazy\" decoding=\"async\" width=\"100\" height=\"100\" src=\"https:\/\/www.sitercl.com\/News\/wp-content\/uploads\/2025\/10\/garniere.gif\" alt=\"\" class=\"wp-image-15788\"\/><\/figure>\n<\/div>\n\n\n<p>Le RC Lens a indiqu\u00e9 avoir fait signer Erawan Garnier (19 ans) pour les deux prochaines saisons. L&rsquo;ailier droit renforcera dans un premier temps le groupe \u00c9lite dirig\u00e9 par Vincent Carlier avec la perspective d\u2019int\u00e9grer l\u2019effectif de Pierre Sage.<br>N\u00e9 d\u2019une m\u00e8re tha\u00eflandaise et d\u2019un p\u00e8re fran\u00e7ais, Erawan Garnier vient du centre de formation de l\u2019Olympique Lyonnais o\u00f9 il a connu Pierre Sage et a particip\u00e9 ces derni\u00e8res saisons \u00e0 des rencontres de National 3. Il a \u00e9galement particip\u00e9 \u00e0 trois rencontres internationales avec les U23 tha\u00eflandais.<\/p>\n","protected":false},"excerpt":{"rendered":"<p>Le RC Lens a indiqu\u00e9 avoir fait signer Erawan Garnier (19 ans) pour les deux prochaines saisons. L&rsquo;ailier droit renforcera dans un premier temps le groupe \u00c9lite dirig\u00e9 par Vincent Carlier avec la perspective d\u2019int\u00e9grer l\u2019effectif de Pierre Sage.N\u00e9 d\u2019une m\u00e8re tha\u00eflandaise et d\u2019un p\u00e8re fran\u00e7ais, Erawan Garnier vient du centre de formation de l\u2019Olympique &hellip; <a href=\"https:\/\/www.sitercl.com\/News\/?p=15787\" class=\"more-link\">Continuer la lecture<span class=\"screen-reader-text\"> de &laquo;&nbsp;Un international tha\u00eflandais U23 \u00e0 Lens&nbsp;&raquo;<\/span><\/a><\/p>\n","protected":false},"author":2,"featured_media":0,"comment_status":"closed","ping_status":"open","sticky":false,"template":"","format":"standard","meta":{"footnotes":""},"categories":[2],"tags":[762,386,64],"class_list":["post-15787","post","type-post","status-publish","format-standard","hentry","category-infos","tag-garnier","tag-lyon","tag-mercato"],"_links":{"self":[{"href":"https:\/\/www.sitercl.com\/News\/index.php?rest_route=\/wp\/v2\/posts\/15787","targetHints":{"allow":["GET"]}}],"collection":[{"href":"https:\/\/www.sitercl.com\/News\/index.php?rest_route=\/wp\/v2\/posts"}],"about":[{"href":"https:\/\/www.sitercl.com\/News\/index.php?rest_route=\/wp\/v2\/types\/post"}],"author":[{"embeddable":true,"href":"https:\/\/www.sitercl.com\/News\/index.php?rest_route=\/wp\/v2\/users\/2"}],"replies":[{"embeddable":true,"href":"https:\/\/www.sitercl.com\/News\/index.php?rest_route=%2Fwp%2Fv2%2Fcomments&post=15787"}],"version-history":[{"count":4,"href":"https:\/\/www.sitercl.com\/News\/index.php?rest_route=\/wp\/v2\/posts\/15787\/revisions"}],"predecessor-version":[{"id":15792,"href":"https:\/\/www.sitercl.com\/News\/index.php?rest_route=\/wp\/v2\/posts\/15787\/revisions\/15792"}],"wp:attachment":[{"href":"https:\/\/www.sitercl.com\/News\/index.php?rest_route=%2Fwp%2Fv2%2Fmedia&parent=15787"}],"wp:term":[{"taxonomy":"category","embeddable":true,"href":"https:\/\/www.sitercl.com\/News\/index.php?rest_route=%2Fwp%2Fv2%2Fcategories&post=15787"},{"taxonomy":"post_tag","embeddable":true,"href":"https:\/\/www.sitercl.com\/News\/index.php?rest_route=%2Fwp%2Fv2%2Ftags&post=15787"}],"curies":[{"name":"wp","href":"https:\/\/api.w.org\/{rel}","templated":true}]}}