{"id":15834,"date":"2025-10-28T19:08:45","date_gmt":"2025-10-28T18:08:45","guid":{"rendered":"https:\/\/www.sitercl.com\/News\/?p=15834"},"modified":"2025-10-28T19:12:50","modified_gmt":"2025-10-28T18:12:50","slug":"match-de-la-memoire","status":"publish","type":"post","link":"https:\/\/www.sitercl.com\/News\/?p=15834","title":{"rendered":"Match de la m\u00e9moire"},"content":{"rendered":"<div class=\"wp-block-image\">\n<figure class=\"alignright size-large\"><img decoding=\"async\" src=\"https:\/\/www.sitercl.com\/Navigat\/NAVI-rcl.gif\" alt=\"\"\/><\/figure>\n<\/div>\n\n\n<p>Inspir\u00e9 de la tradition des clubs britanniques et dans le cadre des c\u00e9l\u00e9brations de ses 120 ans, le RC Lens instaure un nouveau temps fort dans sa saison avec le \u00ab\u00a0Match de la m\u00e9moire\u00a0\u00bb, destin\u00e9 \u00e0 rendre hommage \u00e0 l\u2019ensemble de ses supporters, anciens joueurs et sympathisants disparus.<br>Cet \u00e9v\u00e9nement aura lieu lors de la r\u00e9ception du RC Strasbourg Alsace, le 22 novembre \u00e0 17h (13e journ\u00e9e de L1). Ainsi, une minute de silence sera respect\u00e9e avant le coup d\u2019envoi et les noms des personnes disparues appara\u00eetront sur les \u00e9crans g\u00e9ants et les panneaux LED du stade Bollaert-Delelis. Associ\u00e9s \u00e0 cette initiative, les Sang et Or porteront un brassard noir pendant la rencontre et un badge \u00ab\u00a0Match de la m\u00e9moire\u00a0\u00bb sera floqu\u00e9 sur leur maillot.<br>Dans ce cadre le <a href=\"https:\/\/www.rclens.fr\/fr\/news\/match-de-la-memoire-rclens-bollaert-delelis-rc-strasbourg-alsace-20251028\" target=\"_blank\" rel=\"noreferrer noopener\">site officiel<\/a> du club propose un formulaire \u00e0 remplir pour rendre hommage \u00e0 un proche (\u00e0 compl\u00e9ter\u00a0avant le vendredi 7 novembre 18h).<\/p>\n","protected":false},"excerpt":{"rendered":"<p>Inspir\u00e9 de la tradition des clubs britanniques et dans le cadre des c\u00e9l\u00e9brations de ses 120 ans, le RC Lens instaure un nouveau temps fort dans sa saison avec le \u00ab\u00a0Match de la m\u00e9moire\u00a0\u00bb, destin\u00e9 \u00e0 rendre hommage \u00e0 l\u2019ensemble de ses supporters, anciens joueurs et sympathisants disparus.Cet \u00e9v\u00e9nement aura lieu lors de la r\u00e9ception &hellip; <a href=\"https:\/\/www.sitercl.com\/News\/?p=15834\" class=\"more-link\">Continuer la lecture<span class=\"screen-reader-text\"> de &laquo;&nbsp;Match de la m\u00e9moire&nbsp;&raquo;<\/span><\/a><\/p>\n","protected":false},"author":2,"featured_media":0,"comment_status":"closed","ping_status":"open","sticky":false,"template":"","format":"standard","meta":{"footnotes":""},"categories":[2],"tags":[106,151,188],"class_list":["post-15834","post","type-post","status-publish","format-standard","hentry","category-infos","tag-hommage","tag-ligue-1","tag-strasbourg"],"_links":{"self":[{"href":"https:\/\/www.sitercl.com\/News\/index.php?rest_route=\/wp\/v2\/posts\/15834","targetHints":{"allow":["GET"]}}],"collection":[{"href":"https:\/\/www.sitercl.com\/News\/index.php?rest_route=\/wp\/v2\/posts"}],"about":[{"href":"https:\/\/www.sitercl.com\/News\/index.php?rest_route=\/wp\/v2\/types\/post"}],"author":[{"embeddable":true,"href":"https:\/\/www.sitercl.com\/News\/index.php?rest_route=\/wp\/v2\/users\/2"}],"replies":[{"embeddable":true,"href":"https:\/\/www.sitercl.com\/News\/index.php?rest_route=%2Fwp%2Fv2%2Fcomments&post=15834"}],"version-history":[{"count":3,"href":"https:\/\/www.sitercl.com\/News\/index.php?rest_route=\/wp\/v2\/posts\/15834\/revisions"}],"predecessor-version":[{"id":15837,"href":"https:\/\/www.sitercl.com\/News\/index.php?rest_route=\/wp\/v2\/posts\/15834\/revisions\/15837"}],"wp:attachment":[{"href":"https:\/\/www.sitercl.com\/News\/index.php?rest_route=%2Fwp%2Fv2%2Fmedia&parent=15834"}],"wp:term":[{"taxonomy":"category","embeddable":true,"href":"https:\/\/www.sitercl.com\/News\/index.php?rest_route=%2Fwp%2Fv2%2Fcategories&post=15834"},{"taxonomy":"post_tag","embeddable":true,"href":"https:\/\/www.sitercl.com\/News\/index.php?rest_route=%2Fwp%2Fv2%2Ftags&post=15834"}],"curies":[{"name":"wp","href":"https:\/\/api.w.org\/{rel}","templated":true}]}}