{"id":16095,"date":"2025-12-08T19:39:21","date_gmt":"2025-12-08T18:39:21","guid":{"rendered":"https:\/\/www.sitercl.com\/News\/?p=16095"},"modified":"2025-12-08T19:39:21","modified_gmt":"2025-12-08T18:39:21","slug":"officialisation-pour-machado","status":"publish","type":"post","link":"https:\/\/www.sitercl.com\/News\/?p=16095","title":{"rendered":"Officialisation pour Machado"},"content":{"rendered":"<div class=\"wp-block-image\">\n<figure class=\"alignright size-large\"><img decoding=\"async\" src=\"https:\/\/www.sitercl.com\/Fichejo\/M\/machadod.gif\" alt=\"\"\/><\/figure>\n<\/div>\n\n\n<p>C&rsquo;est <a href=\"https:\/\/www.sitercl.com\/News\/?post_type=post&amp;p=16072\">maintenant<\/a> officiel, Deiver Machado rejoint bien le FC Nantes en tant que joker pour une dur\u00e9e de deux ans et demi (jusqu\u2019\u00e0 la fin de la saison 2027\/2028).<\/p>\n\n\n\n<p>Il \u00e9tait pr\u00e9sent au RC Lens depuis 07\/2021 mais actuellement moins utilis\u00e9 (4 matches en tant que titulaire depuis le d\u00e9but de la saison et un comme rempla\u00e7ant pour un total de 275 minutes de jeu), l&rsquo;International ailier gauche Colombien avait besoin de se relancer pour assurer sa place pour la prochaine Coupe du Monde.<\/p>\n\n\n\n<p>L\u2019ensemble du Racing a remerci\u00e9 chaleureusement Deiver pour son engagement et salue son \u00e9tat d\u2019esprit exemplaire. Il aura fait 117 apparitions sous les couleurs Sang et Or.<\/p>\n","protected":false},"excerpt":{"rendered":"<p>C&rsquo;est maintenant officiel, Deiver Machado rejoint bien le FC Nantes en tant que joker pour une dur\u00e9e de deux ans et demi (jusqu\u2019\u00e0 la fin de la saison 2027\/2028). Il \u00e9tait pr\u00e9sent au RC Lens depuis 07\/2021 mais actuellement moins utilis\u00e9 (4 matches en tant que titulaire depuis le d\u00e9but de la saison et un &hellip; <a href=\"https:\/\/www.sitercl.com\/News\/?p=16095\" class=\"more-link\">Continuer la lecture<span class=\"screen-reader-text\"> de &laquo;&nbsp;Officialisation pour Machado&nbsp;&raquo;<\/span><\/a><\/p>\n","protected":false},"author":2,"featured_media":0,"comment_status":"closed","ping_status":"open","sticky":false,"template":"","format":"standard","meta":{"footnotes":""},"categories":[2],"tags":[441,64,109,58],"class_list":["post-16095","post","type-post","status-publish","format-standard","hentry","category-infos","tag-machado","tag-mercato","tag-nantes","tag-transfert"],"_links":{"self":[{"href":"https:\/\/www.sitercl.com\/News\/index.php?rest_route=\/wp\/v2\/posts\/16095","targetHints":{"allow":["GET"]}}],"collection":[{"href":"https:\/\/www.sitercl.com\/News\/index.php?rest_route=\/wp\/v2\/posts"}],"about":[{"href":"https:\/\/www.sitercl.com\/News\/index.php?rest_route=\/wp\/v2\/types\/post"}],"author":[{"embeddable":true,"href":"https:\/\/www.sitercl.com\/News\/index.php?rest_route=\/wp\/v2\/users\/2"}],"replies":[{"embeddable":true,"href":"https:\/\/www.sitercl.com\/News\/index.php?rest_route=%2Fwp%2Fv2%2Fcomments&post=16095"}],"version-history":[{"count":1,"href":"https:\/\/www.sitercl.com\/News\/index.php?rest_route=\/wp\/v2\/posts\/16095\/revisions"}],"predecessor-version":[{"id":16096,"href":"https:\/\/www.sitercl.com\/News\/index.php?rest_route=\/wp\/v2\/posts\/16095\/revisions\/16096"}],"wp:attachment":[{"href":"https:\/\/www.sitercl.com\/News\/index.php?rest_route=%2Fwp%2Fv2%2Fmedia&parent=16095"}],"wp:term":[{"taxonomy":"category","embeddable":true,"href":"https:\/\/www.sitercl.com\/News\/index.php?rest_route=%2Fwp%2Fv2%2Fcategories&post=16095"},{"taxonomy":"post_tag","embeddable":true,"href":"https:\/\/www.sitercl.com\/News\/index.php?rest_route=%2Fwp%2Fv2%2Ftags&post=16095"}],"curies":[{"name":"wp","href":"https:\/\/api.w.org\/{rel}","templated":true}]}}