{"id":16107,"date":"2025-12-14T23:10:45","date_gmt":"2025-12-14T22:10:45","guid":{"rendered":"https:\/\/www.sitercl.com\/News\/?p=16107"},"modified":"2025-12-15T19:06:51","modified_gmt":"2025-12-15T18:06:51","slug":"revue-du-web-lens-nice-4","status":"publish","type":"post","link":"https:\/\/www.sitercl.com\/News\/?p=16107","title":{"rendered":"Revue du web Lens &#8211; Nice"},"content":{"rendered":"<div class=\"wp-block-image\">\n<figure class=\"alignright size-full\"><img loading=\"lazy\" decoding=\"async\" width=\"150\" height=\"106\" src=\"https:\/\/www.sitercl.com\/News\/wp-content\/uploads\/2019\/01\/clavball.png\" alt=\"\" class=\"wp-image-587\"\/><\/figure>\n<\/div>\n\n\n<p>Retrouvez une s\u00e9lection d&rsquo;articles du Web sur la rencontre de la 16e journ\u00e9e de Ligue 1 McDonald&rsquo;s saison 2025\/2026 entre le RC Lens et l&rsquo;OGCN Nice (2-0)&#8230;<br><br><b>www.lavoixdunord.fr<\/b> :<br>-15\/12\/2025 <a href=\"https:\/\/www.lavoixdunord.fr\/1656640\/article\/2025-12-15\/rc-lens-ogc-nice-franck-haise-fier-et-heureux-d-avoir-vecu-ces-moments-lens\" target=\"_blank\" rel=\"noopener\">RC Lens \u2013 OGC Nice : Franck Haise, \u00ab fier et heureux d\u2019avoir v\u00e9cu ces moments \u00e0 Lens \u00bb, admet que ce Racing peut \u00ab faire tr\u00e8s mal \u00bb<\/a><br>-15\/12\/2025 <a href=\"https:\/\/www.lavoixdunord.fr\/1656535\/article\/2025-12-15\/rc-lens-quand-les-gardiens-changent-de-tenue-de-travail-avez-vous-remarque-le\" target=\"_blank\" rel=\"noopener\">RC Lens : quand les gardiens changent de tenue de travail, avez-vous remarqu\u00e9 le maillot de Robin Risser ?<\/a><br>-14\/12\/2025 <a href=\"https:\/\/www.lavoixdunord.fr\/1656448\/article\/2025-12-14\/veut-pousser-ca-le-plus-loin-possible-le-rc-lens-une-bonne-mine-de-leader\" target=\"_blank\" rel=\"noopener\">\u00ab On veut pousser \u00e7a le plus loin possible \u00bb : le RC Lens a une bonne mine de leader<\/a><br>-14\/12\/2025 <a href=\"https:\/\/www.lavoixdunord.fr\/1656434\/article\/2025-12-14\/lens-nice-su-etre-bons-et-efficaces-quand-il-le-fallait-apprecie-matthieu-udol\" target=\"_blank\" rel=\"noopener\">Lens \u2013 Nice, \u00ab On a su \u00eatre bons et efficaces quand il le fallait \u00bb, appr\u00e9cie Matthieu Udo<\/a><br>-14\/12\/2025 <a href=\"https:\/\/www.lavoixdunord.fr\/1656390\/article\/2025-12-14\/direct-lens-nice-les-sang-et-or-veulent-passer-les-fetes-au-chaud-dans-la-peau\" target=\"_blank\" rel=\"noopener\">Lens \u2013 Nice : port\u00e9s par Matthieu Udol et Odsonne \u00c9douard, les Sang et Or passeront les f\u00eates en t\u00eate de la Ligue 1 !<\/a><br>-14\/12\/2025 <a href=\"https:\/\/www.lavoixdunord.fr\/1656400\/article\/2025-12-14\/video-un-stade-plonge-dans-le-noir-un-tifo-et-de-l-emotion-pour-rc-lens-nice-le\" target=\"_blank\" rel=\"noopener\">VID\u00c9O. Bollaert plong\u00e9 dans le noir, un tifo et de l\u2019\u00e9motion pour RC Lens &#8211; Nice, le match de la Sainte-Barbe<\/a><br><br><b>www.lequipe.fr<\/b> :<br>-14\/12\/2025 <a href=\"https:\/\/www.lequipe.fr\/Football\/Actualites\/Lens-enfonce-nice-et-repasse-en-tete-de-ligue-1-devant-le-psg-pour-finir-l-annee\/1616996\" target=\"_blank\" rel=\"noopener\">Lens enfonce Nice et repasse en t\u00eate de Ligue 1 devant le PSG pour finir l&rsquo;ann\u00e9e<\/a><br><br><b>news.maxifoot.fr<\/b> :<br>-14\/12\/2025 <a href=\"https:\/\/news.maxifoot.fr\/ligue-1\/lens-2-0-nice-fini-foot-446452.htm\" target=\"_blank\" rel=\"noopener\">L1 : Lens 2-0 Nice (fini)<\/a><br>-14\/12\/2025 <a href=\"https:\/\/news.maxifoot.fr\/lens\/le-rappel-de-thomasson-foot-446471.htm\" target=\"_blank\" rel=\"noopener\">Lens : le rappel de Thomasson<\/a><br><br><b>rmcsport.bfmtv.com<\/b> :<br>-14\/12\/2025 <a href=\"https:\/\/rmcsport.bfmtv.com\/football\/clubs\/rc-lens\/lens-nice-l-equipe-de-france-ca-en-parle-pas-mal-en-ce-moment-matthieu-udol-s-amuse-de-la-hype-autour-de-lui_AV-202512140313.html\" target=\"_blank\" rel=\"noopener\">Lens-Nice: \u00ab\u00a0L&rsquo;\u00e9quipe de France? \u00c7a en parle pas mal en ce moment\u00a0\u00bb, Matthieu Udol s&rsquo;amuse de la hype autour de lui<\/a><br>-14\/12\/2025 <a href=\"https:\/\/rmcsport.bfmtv.com\/football\/ligue-1\/video-lens-2-0-nice-udol-envoie-des-messages-sourit-sage_VN-202512140321.html\" target=\"_blank\" rel=\"noopener\">Lens 2-0 Nice : \u00ab\u00a0Udol envoie des messages\u00a0\u00bb sourit Sage<\/a><\/p>\n\n\n\n<p><b>www.footmercato.net<\/b> :<br>-14\/12\/2025 <a href=\"https:\/\/www.footmercato.net\/a2097117020770690463-nice-la-reaction-de-franck-haise-apres-la-nouvelle-defaite-contre-lens\" target=\"_blank\" rel=\"noopener\">Nice : la r\u00e9action de Franck Haise apr\u00e8s la nouvelle d\u00e9faite contre Lens<\/a><br><br><b>www.nicematin.com<\/b> :<br>-14\/12\/2025 <a href=\"https:\/\/www.nicematin.com\/sports\/football\/oppong-est-passe-a-travers-les-notes-de-joueurs-apres-la-defaite-face-a-lens-10660927\" target=\"_blank\" rel=\"noopener\">Oppong est pass\u00e9 \u00e0 travers&#8230; Les notes de joueurs apr\u00e8s la d\u00e9faite face \u00e0 Lens<\/a><br>-14\/12\/2025 <a href=\"https:\/\/www.nicematin.com\/sports\/football\/l-ogc-nice-subit-une-neuvieme-defaite-de-rang-chez-le-leader-lensois-2-0-10660918\" target=\"_blank\" rel=\"noopener\">L\u2019OGC Nice subit une neuvi\u00e8me d\u00e9faite de rang chez le leader lensois (2-0)<\/a><\/p>\n\n\n<div class=\"wp-block-image\">\n<figure class=\"aligncenter size-full\"><img loading=\"lazy\" decoding=\"async\" width=\"173\" height=\"2\" src=\"https:\/\/www.sitercl.com\/News\/wp-content\/uploads\/2022\/03\/NAVIsep3.gif\" alt=\"\" class=\"wp-image-7319\"\/><\/figure>\n<\/div>\n\n\n<p><strong><em>Avant match&#8230;<\/em><\/strong><br><br><b>www.lavoixdunord.fr<\/b> :<br>-14\/12\/2025 <a href=\"https:\/\/www.lavoixdunord.fr\/1656275\/article\/2025-12-14\/un-vrai-beau-tifo-un-plus-discutable-un-deuil-un-joueur-emu-notre-seance-de\" target=\"_blank\" rel=\"noopener\">Un vrai beau tifo, un plus discutable, un deuil, un joueur \u00e9mu\u2026 Notre s\u00e9ance de rattrapage avant Lens-Nice<\/a><br>-14\/12\/2025 <a href=\"https:\/\/www.lavoixdunord.fr\/1656320\/article\/2025-12-14\/rc-lens-le-rachat-du-stade-bollaert-officialise-en-marge-de-lens-nice-ce\" target=\"_blank\" rel=\"noopener\">RC Lens : le rachat du stade Bollaert officialis\u00e9 en marge de Lens \u2013 Nice ce dimanche ?<\/a><br>-13\/12\/2025 <a href=\"https:\/\/www.lavoixdunord.fr\/1656143\/article\/2025-12-13\/avec-eric-sikora-le-rc-lens-trouve-son-officier-de-liaison\" target=\"_blank\" rel=\"noopener\">Lens \u2013 Nice : avec \u00c9ric Sikora, le Racing a trouv\u00e9 son officier de liaison<\/a><br>-13\/12\/2025 <a href=\"https:\/\/www.lavoixdunord.fr\/1656055\/article\/2025-12-13\/chorale-d-anciens-mineurs-expo-de-photos-et-de-lampes-soupe-au-lard-que-reserve\" target=\"_blank\" rel=\"noopener\">Chorale d\u2019anciens mineurs, expo de lampes, soupe au lard\u2026 ce que vous r\u00e9serve le RC Lens pour la Sainte-Barbe ce dimanche ?<\/a><br>-13\/12\/2025 <a href=\"https:\/\/www.lavoixdunord.fr\/1656089\/article\/2025-12-13\/rc-lens-malang-sarr-et-abdallah-sima-pas-retenus-avec-le-senegal-mamadou-sangare\" target=\"_blank\" rel=\"noopener\">RC Lens : Malang Sarr et Abdallah Sima pas retenus avec le S\u00e9n\u00e9gal, Mamadou Sangar\u00e9 seul Lensois \u00e0 la CAN<\/a><br>-13\/12\/2025 <a href=\"https:\/\/www.lavoixdunord.fr\/1655968\/article\/2025-12-13\/rc-lens-wesley-said-sur-les-traces-d-une-saison-record-au-racing\" target=\"_blank\" rel=\"noopener\">RC Lens : Wesley Sa\u00efd sur les traces d\u2019une saison record au Racing<\/a><br>-13\/12\/2025 <a href=\"https:\/\/www.lavoixdunord.fr\/1655957\/article\/2025-12-13\/la-premiere-place-y-prend-gout-adrien-thomasson-capitaine-d-un-rc-lens-heureux\" target=\"_blank\" rel=\"noopener\">\u00ab La premi\u00e8re place, on y prend go\u00fbt \u00bb, Adrien Thomasson, capitaine d\u2019un RC Lens heureux<\/a><br>-12\/12\/2025 <a href=\"https:\/\/www.lavoixdunord.fr\/1655797\/article\/2025-12-12\/rc-lens-vise-evidemment-une-qualification-europeenne-pierre-sage-clarifie-les\" target=\"_blank\" rel=\"noopener\">RC Lens : \u00ab On vise \u00e9videmment une qualification europ\u00e9enne \u00bb, Pierre sage clarifie les objectifs<\/a><br>-12\/12\/2025 <a href=\"https:\/\/www.lavoixdunord.fr\/1655726\/article\/2025-12-12\/rc-lens-jonathan-gradit-deja-de-retour-avec-une-strategie-originale-pour\" target=\"_blank\" rel=\"noopener\">RC Lens : Jonathan Gradit, d\u00e9j\u00e0 de retour avec une strat\u00e9gie originale pour acc\u00e9l\u00e9rer les choses<\/a><br>-12\/12\/2025 <a href=\"https:\/\/www.lavoixdunord.fr\/1655697\/article\/2025-12-12\/rc-lens-il-n-y-rien-de-tranche-mais-je-ne-me-vois-pas-partir-en-janvier-adrien\" target=\"_blank\" rel=\"noopener\">RC Lens : \u00ab Il n\u2019y a rien de tranch\u00e9, mais je ne me vois pas partir en janvier \u00bb, Adrien Thomasson fait le point sur sa prolongation<\/a><br>-12\/12\/2025 <a href=\"https:\/\/www.lavoixdunord.fr\/1655692\/article\/2025-12-12\/lens-nice\" target=\"_blank\" rel=\"noopener\">Lens \u2013 Nice : Morgan Guilavogui et Adrien Thomasson de retour<\/a><br>-12\/12\/2025 <a href=\"https:\/\/www.lavoixdunord.fr\/1655623\/article\/2025-12-12\/match-lens-nice-la-venue-des-supporters-de-nice-encadree-les-supporters-du-losc\" target=\"_blank\" rel=\"noopener\">Match Lens-Nice : la venue des supporters de Nice encadr\u00e9e, les supporters du LOSC interdits \u00e0 Lens<\/a><br>-11\/12\/2025 <a href=\"https:\/\/www.lavoixdunord.fr\/1655470\/article\/2025-12-11\/rc-lens-rayan-fofana-s-inscrit-dans-la-duree-jusqu-en-2029\" target=\"_blank\" rel=\"noopener\">RC Lens : Rayan Fofana s\u2019inscrit dans la dur\u00e9e, jusqu\u2019en 2029<\/a><br>-10\/12\/2025 <a href=\"https:\/\/www.lavoixdunord.fr\/1654980\/article\/2025-12-10\/il-n-y-pas-d-age-pour-devenir-supporter-du-rc-lens-maurice-dupont-defenseur-des\" target=\"_blank\" rel=\"noopener\">Il n\u2019y a pas d\u2019\u00e2ge pour devenir supporter du RC Lens : Maurice Dupont, d\u00e9fenseur des mineurs silicos\u00e9s, invit\u00e9 \u00e0 la Gaillette<\/a><br>-10\/12\/2025 <a href=\"https:\/\/www.lavoixdunord.fr\/1654975\/article\/2025-12-10\/demain-tu-vas-pas-au-college-c-etait-noel-avant-l-heure-pour-220-jeunes-invites\" target=\"_blank\" rel=\"noopener\">Le partenariat r\u00e9cemment nou\u00e9 entre le Racing club de Lens et Maisons et Cit\u00e9s, principal bailleur social du bassin minier, a v\u00e9cu sa premi\u00e8re concr\u00e9tisation ce mercredi matin. Quelque 220 enfants de locataires ont d\u00e9couvert le centre technique de la Gaillette, \u00e0 Avion, assist\u00e9 \u00e0 un entra\u00eenement et interrog\u00e9 deux joueurs.<\/a><br>-10\/12\/2025 <a href=\"https:\/\/www.lavoixdunord.fr\/1655059\/article\/2025-12-10\/que-faisaient-robin-risser-et-les-gardiens-du-rc-lens-avec-les-gendarmes-la\" target=\"_blank\" rel=\"noopener\">Que faisaient Robin Risser et les gardiens du RC Lens avec les gendarmes \u00e0 la citadelle d\u2019Arras ?<\/a><br>-09\/12\/2025 <a href=\"https:\/\/www.lavoixdunord.fr\/1654631\/article\/2025-12-09\/rc-lens-c-est-quoi-le-cirque-ogc-nice-bientot-dans-votre-ville-attendu-bollaert\" target=\"_blank\" rel=\"noopener\">RC Lens : c\u2019est quoi le cirque OGC Nice bient\u00f4t dans votre ville, attendu \u00e0 Bollaert dimanche ?<\/a><br>-09\/12\/2025 <a href=\"https:\/\/www.lavoixdunord.fr\/1654725\/article\/2025-12-09\/rassurez-moi-c-est-un-montage-non-cette-photo-de-matthieu-hulk-udol-n-pas-ete\" target=\"_blank\" rel=\"noopener\">\u00ab Rassurez-moi, c\u2019est un montage ? \u00bb : non, cette photo de Matthieu \u00ab Hulk \u00bb Udol n\u2019a pas \u00e9t\u00e9 retouch\u00e9e<\/a><br><br><b>www.lequipe.fr<\/b> :<br>-12\/12\/2025 <a href=\"https:\/\/www.lequipe.fr\/Football\/Actualites\/Adrien-thomasson-sur-sa-fin-de-contrat-avec-le-rc-lens-en-juin-prochain-rien-n-est-tranche-de-mon-cote\/1616460\" target=\"_blank\" rel=\"noopener\">Adrien Thomasson sur sa fin de contrat avec le RC Lens en juin prochain : \u00ab Rien n&rsquo;est tranch\u00e9 de mon c\u00f4t\u00e9 \u00bb<\/a><br>-12\/12\/2025 <a href=\"https:\/\/www.lequipe.fr\/Football\/Actualites\/Guilavogui-et-thomasson-de-retour-avec-lens-pour-la-reception-de-nice-en-ligue-1-chavez-toujours-indisponible\/1616434\" target=\"_blank\" rel=\"noopener\">Guilavogui et Thomasson de retour avec Lens pour la r\u00e9ception de Nice en Ligue 1, Chavez toujours indisponible<\/a><br>-11\/12\/2025 <a href=\"https:\/\/www.lequipe.fr\/Football\/Actualites\/Mercato-l-attaquant-rayan-fofana-prolonge-de-deux-ans-avec-lens\/1616222\" target=\"_blank\" rel=\"noopener\">Mercato : l&rsquo;attaquant Rayan Fofana prolonge de deux ans avec Lens<\/a><br>-10\/12\/2025 <a href=\"https:\/\/www.lequipe.fr\/Football\/Actualites\/Le-proprietaire-du-rc-lens-joseph-oughourlian-va-se-desengager-du-club-de-padoue-serie-b\/1615880\" target=\"_blank\" rel=\"noopener\">Le propri\u00e9taire du RC Lens Joseph Oughourlian va se d\u00e9sengager du club de Padoue (Serie B)<\/a><br><br><b>france3-regions.franceinfo.fr<\/b> :<br>-12\/12\/2025 <a href=\"https:\/\/france3-regions.franceinfo.fr\/hauts-de-france\/pas-calais\/arras\/video-les-gardiens-du-rc-lens-a-la-citadelle-d-arras-pour-un-entrainement-surprise-avec-le-peloton-d-intervention-de-la-gendarmerie-3264968.html\" target=\"_blank\" rel=\"noopener\">VID\u00c9O. Les gardiens du RC Lens \u00e0 la citadelle d&rsquo;Arras pour un entra\u00eenement surprise avec le peloton d&rsquo;intervention de la gendarmerie<\/a><br><br><b>www.footmercato.net<\/b> :<br>-12\/12\/2025 <a href=\"https:\/\/www.footmercato.net\/a1861949046828220583-lens-la-sortie-de-pierre-sage-sur-larrivee-damadou-haidara\" target=\"_blank\" rel=\"noopener\">Lens : la sortie de Pierre Sage sur l\u2019arriv\u00e9e d\u2019Amadou Haidara<\/a><br><br><b>www.lefigaro.fr<\/b> :<br>-12\/12\/2025 <a href=\"https:\/\/www.lefigaro.fr\/sports\/football\/ligue-1\/ligue-1-sage-affirme-que-lens-vise-une-qualification-europeenne-20251212\" target=\"_blank\" rel=\"noopener\">Ligue 1 : Sage affirme que Lens \u00abvise une qualification europ\u00e9enne\u00bb<\/a><br><br><b>sports.orange.fr<\/b> :<br>-12\/12\/2025 <a href=\"https:\/\/sports.orange.fr\/videos\/football\/lens-thauvin-l-incarnation-du-renouveau-lensois-CNT000002m9J6B.html\" target=\"_blank\" rel=\"noopener\">[Video] Lens &#8211; Thauvin, l&rsquo;incarnation du renouveau lensois<\/a><br><br><b>sportune.20minutes.fr<\/b> :<br>-14\/12\/2025 <a href=\"https:\/\/sportune.20minutes.fr\/rc-lens-ogc-nice-les-predictions-dopta-388451\" target=\"_blank\" rel=\"noopener\">RC Lens &#8211; OGC Nice. Les pr\u00e9dictions d&rsquo;Opta<\/a><br><br><b>www.footpack.fr<\/b> :<br>-14\/12\/2025 <a href=\"https:\/\/www.footpack.fr\/232319-les-maillots-puma-de-lens-pour-la-sainte-barbe-depuis-2021\" target=\"_blank\" rel=\"noopener\">Les maillots PUMA de Lens pour la Sainte-Barbe depuis 2021<\/a><br><br><b>www.pas-de-calais.gouv.fr<\/b> :<br>-12\/12\/2025 <a href=\"https:\/\/www.pas-de-calais.gouv.fr\/Actualites\/Actualites\/Match-Lens-Nice-Dimanche-14-decembre\" target=\"_blank\" rel=\"noopener\">Match Lens -Nice &#8211; Dimanche 14 d\u00e9cembre &#8211; Actualit\u00e9s &#8211; Les services de l&rsquo;\u00c9tat dans le Pas-de-Calais<\/a><br><br><b>www.francebleu.fr<\/b> :<br>-13\/12\/2025 <a href=\"https:\/\/www.francebleu.fr\/sports\/football\/rc-lens-ogc-nice-on-doit-tous-assumer-assure-franck-haise-5089850\" target=\"_blank\" rel=\"noopener\">RC Lens &#8211; OGC Nice : \u00ab\u00a0On doit tous assumer\u00a0\u00bb assure Franck Haise<\/a><br><br><b>www.nicematin.com<\/b> :<br>-14\/12\/2025 <a href=\"https:\/\/www.nicematin.com\/sports\/football\/rc-lens-ogc-nice-le-gym-au-fond-du-trou-peut-il-creer-la-surprise-face-a-des-lensois-en-forme-10660816\" target=\"_blank\" rel=\"noopener\">RC Lens &#8211; OGC Nice : le Gym, au fond du trou, peut-il cr\u00e9er la surprise face \u00e0 des Lensois en forme ?<\/a><\/p>\n","protected":false},"excerpt":{"rendered":"<p>Retrouvez une s\u00e9lection d&rsquo;articles du Web sur la rencontre de la 16e journ\u00e9e de Ligue 1 McDonald&rsquo;s saison 2025\/2026 entre le RC Lens et l&rsquo;OGCN Nice (2-0)&#8230; www.lavoixdunord.fr :-15\/12\/2025 RC Lens \u2013 OGC Nice : Franck Haise, \u00ab fier et heureux d\u2019avoir v\u00e9cu ces moments \u00e0 Lens \u00bb, admet que ce Racing peut \u00ab faire &hellip; <a href=\"https:\/\/www.sitercl.com\/News\/?p=16107\" class=\"more-link\">Continuer la lecture<span class=\"screen-reader-text\"> de &laquo;&nbsp;Revue du web Lens &#8211; Nice&nbsp;&raquo;<\/span><\/a><\/p>\n","protected":false},"author":2,"featured_media":0,"comment_status":"closed","ping_status":"open","sticky":false,"template":"","format":"standard","meta":{"footnotes":""},"categories":[6],"tags":[13,151,352],"class_list":["post-16107","post","type-post","status-publish","format-standard","hentry","category-revue-du-web","tag-internet","tag-ligue-1","tag-nice"],"_links":{"self":[{"href":"https:\/\/www.sitercl.com\/News\/index.php?rest_route=\/wp\/v2\/posts\/16107","targetHints":{"allow":["GET"]}}],"collection":[{"href":"https:\/\/www.sitercl.com\/News\/index.php?rest_route=\/wp\/v2\/posts"}],"about":[{"href":"https:\/\/www.sitercl.com\/News\/index.php?rest_route=\/wp\/v2\/types\/post"}],"author":[{"embeddable":true,"href":"https:\/\/www.sitercl.com\/News\/index.php?rest_route=\/wp\/v2\/users\/2"}],"replies":[{"embeddable":true,"href":"https:\/\/www.sitercl.com\/News\/index.php?rest_route=%2Fwp%2Fv2%2Fcomments&post=16107"}],"version-history":[{"count":15,"href":"https:\/\/www.sitercl.com\/News\/index.php?rest_route=\/wp\/v2\/posts\/16107\/revisions"}],"predecessor-version":[{"id":16154,"href":"https:\/\/www.sitercl.com\/News\/index.php?rest_route=\/wp\/v2\/posts\/16107\/revisions\/16154"}],"wp:attachment":[{"href":"https:\/\/www.sitercl.com\/News\/index.php?rest_route=%2Fwp%2Fv2%2Fmedia&parent=16107"}],"wp:term":[{"taxonomy":"category","embeddable":true,"href":"https:\/\/www.sitercl.com\/News\/index.php?rest_route=%2Fwp%2Fv2%2Fcategories&post=16107"},{"taxonomy":"post_tag","embeddable":true,"href":"https:\/\/www.sitercl.com\/News\/index.php?rest_route=%2Fwp%2Fv2%2Ftags&post=16107"}],"curies":[{"name":"wp","href":"https:\/\/api.w.org\/{rel}","templated":true}]}}