{"id":16109,"date":"2025-12-12T19:04:50","date_gmt":"2025-12-12T18:04:50","guid":{"rendered":"https:\/\/www.sitercl.com\/News\/?p=16109"},"modified":"2025-12-12T19:08:10","modified_gmt":"2025-12-12T18:08:10","slug":"rayan-fofana-prolonge","status":"publish","type":"post","link":"https:\/\/www.sitercl.com\/News\/?p=16109","title":{"rendered":"Rayan Fofana prolonge"},"content":{"rendered":"<div class=\"wp-block-image\">\n<figure class=\"alignright size-large\"><img decoding=\"async\" src=\"https:\/\/www.sitercl.com\/Fichejo\/F\/fofanara.gif\" alt=\"\"\/><\/figure>\n<\/div>\n\n\n<p>Le site officiel du RC Lens indique que son jeune attaquant, Rayan Fofana (19 ans), a prolong\u00e9 son contrat avec le club jusqu&rsquo;en 2029. Initialement c&rsquo;\u00e9tait jusqu&rsquo;en 2027.<br>S&rsquo;il avait fait ses d\u00e9buts en Ligue 1 la saison pass\u00e9e avec 24 minutes jou\u00e9s sur deux matches, il est d\u00e9j\u00e0 \u00e0 12 rencontres cette saison et a inscrit 2 buts !<\/p>\n","protected":false},"excerpt":{"rendered":"<p>Le site officiel du RC Lens indique que son jeune attaquant, Rayan Fofana (19 ans), a prolong\u00e9 son contrat avec le club jusqu&rsquo;en 2029. Initialement c&rsquo;\u00e9tait jusqu&rsquo;en 2027.S&rsquo;il avait fait ses d\u00e9buts en Ligue 1 la saison pass\u00e9e avec 24 minutes jou\u00e9s sur deux matches, il est d\u00e9j\u00e0 \u00e0 12 rencontres cette saison et a &hellip; <a href=\"https:\/\/www.sitercl.com\/News\/?p=16109\" class=\"more-link\">Continuer la lecture<span class=\"screen-reader-text\"> de &laquo;&nbsp;Rayan Fofana prolonge&nbsp;&raquo;<\/span><\/a><\/p>\n","protected":false},"author":2,"featured_media":0,"comment_status":"closed","ping_status":"open","sticky":false,"template":"","format":"standard","meta":{"footnotes":""},"categories":[2],"tags":[68,692],"class_list":["post-16109","post","type-post","status-publish","format-standard","hentry","category-infos","tag-contrat","tag-fofana-r"],"_links":{"self":[{"href":"https:\/\/www.sitercl.com\/News\/index.php?rest_route=\/wp\/v2\/posts\/16109","targetHints":{"allow":["GET"]}}],"collection":[{"href":"https:\/\/www.sitercl.com\/News\/index.php?rest_route=\/wp\/v2\/posts"}],"about":[{"href":"https:\/\/www.sitercl.com\/News\/index.php?rest_route=\/wp\/v2\/types\/post"}],"author":[{"embeddable":true,"href":"https:\/\/www.sitercl.com\/News\/index.php?rest_route=\/wp\/v2\/users\/2"}],"replies":[{"embeddable":true,"href":"https:\/\/www.sitercl.com\/News\/index.php?rest_route=%2Fwp%2Fv2%2Fcomments&post=16109"}],"version-history":[{"count":2,"href":"https:\/\/www.sitercl.com\/News\/index.php?rest_route=\/wp\/v2\/posts\/16109\/revisions"}],"predecessor-version":[{"id":16111,"href":"https:\/\/www.sitercl.com\/News\/index.php?rest_route=\/wp\/v2\/posts\/16109\/revisions\/16111"}],"wp:attachment":[{"href":"https:\/\/www.sitercl.com\/News\/index.php?rest_route=%2Fwp%2Fv2%2Fmedia&parent=16109"}],"wp:term":[{"taxonomy":"category","embeddable":true,"href":"https:\/\/www.sitercl.com\/News\/index.php?rest_route=%2Fwp%2Fv2%2Fcategories&post=16109"},{"taxonomy":"post_tag","embeddable":true,"href":"https:\/\/www.sitercl.com\/News\/index.php?rest_route=%2Fwp%2Fv2%2Ftags&post=16109"}],"curies":[{"name":"wp","href":"https:\/\/api.w.org\/{rel}","templated":true}]}}