{"id":16122,"date":"2025-12-13T16:28:05","date_gmt":"2025-12-13T15:28:05","guid":{"rendered":"https:\/\/www.sitercl.com\/News\/?p=16122"},"modified":"2025-12-13T16:28:05","modified_gmt":"2025-12-13T15:28:05","slug":"mamadou-sangare-ira-a-la-can","status":"publish","type":"post","link":"https:\/\/www.sitercl.com\/News\/?p=16122","title":{"rendered":"Mamadou Sangar\u00e9 ira \u00e0 la CAN"},"content":{"rendered":"<div class=\"wp-block-image\">\n<figure class=\"alignright size-large\"><img decoding=\"async\" src=\"https:\/\/www.sitercl.com\/Fichejo\/S\/sangarem.gif\" alt=\"\"\/><\/figure>\n<\/div>\n\n\n<p>Malang Sarr et Abdallah Sima n&rsquo;ont pas \u00e9t\u00e9 retenus par le s\u00e9lectionneur du S\u00e9n\u00e9gal pour participer \u00e0 la Coupe d&rsquo;Afrique des Nations (CAN) qui se d\u00e9roulera cet hiver du 21 d\u00e9cembre au 18 janvier. Toutefois le RC Lens verra bien un de ses joueurs aller au Maroc puisque Mamadou Sangar\u00e9 rejoindra bien lui l&rsquo;\u00e9quipe du Mali apr\u00e8s la rencontre face \u00e0 Nice.<br>Rappel, il y aura peut-\u00eatre aussi un <a href=\"https:\/\/www.sitercl.com\/News\/?post_type=post&amp;p=16101\">n\u00e9o-lensois<\/a> pr\u00e9sent \u00e9galement avec le Mali : Amadou Haidara.<\/p>\n","protected":false},"excerpt":{"rendered":"<p>Malang Sarr et Abdallah Sima n&rsquo;ont pas \u00e9t\u00e9 retenus par le s\u00e9lectionneur du S\u00e9n\u00e9gal pour participer \u00e0 la Coupe d&rsquo;Afrique des Nations (CAN) qui se d\u00e9roulera cet hiver du 21 d\u00e9cembre au 18 janvier. Toutefois le RC Lens verra bien un de ses joueurs aller au Maroc puisque Mamadou Sangar\u00e9 rejoindra bien lui l&rsquo;\u00e9quipe du &hellip; <a href=\"https:\/\/www.sitercl.com\/News\/?p=16122\" class=\"more-link\">Continuer la lecture<span class=\"screen-reader-text\"> de &laquo;&nbsp;Mamadou Sangar\u00e9 ira \u00e0 la CAN&nbsp;&raquo;<\/span><\/a><\/p>\n","protected":false},"author":2,"featured_media":0,"comment_status":"closed","ping_status":"open","sticky":false,"template":"","format":"standard","meta":{"footnotes":""},"categories":[2],"tags":[500,748,670,753],"class_list":["post-16122","post","type-post","status-publish","format-standard","hentry","category-infos","tag-can","tag-sangare","tag-sarr","tag-sima"],"_links":{"self":[{"href":"https:\/\/www.sitercl.com\/News\/index.php?rest_route=\/wp\/v2\/posts\/16122","targetHints":{"allow":["GET"]}}],"collection":[{"href":"https:\/\/www.sitercl.com\/News\/index.php?rest_route=\/wp\/v2\/posts"}],"about":[{"href":"https:\/\/www.sitercl.com\/News\/index.php?rest_route=\/wp\/v2\/types\/post"}],"author":[{"embeddable":true,"href":"https:\/\/www.sitercl.com\/News\/index.php?rest_route=\/wp\/v2\/users\/2"}],"replies":[{"embeddable":true,"href":"https:\/\/www.sitercl.com\/News\/index.php?rest_route=%2Fwp%2Fv2%2Fcomments&post=16122"}],"version-history":[{"count":1,"href":"https:\/\/www.sitercl.com\/News\/index.php?rest_route=\/wp\/v2\/posts\/16122\/revisions"}],"predecessor-version":[{"id":16123,"href":"https:\/\/www.sitercl.com\/News\/index.php?rest_route=\/wp\/v2\/posts\/16122\/revisions\/16123"}],"wp:attachment":[{"href":"https:\/\/www.sitercl.com\/News\/index.php?rest_route=%2Fwp%2Fv2%2Fmedia&parent=16122"}],"wp:term":[{"taxonomy":"category","embeddable":true,"href":"https:\/\/www.sitercl.com\/News\/index.php?rest_route=%2Fwp%2Fv2%2Fcategories&post=16122"},{"taxonomy":"post_tag","embeddable":true,"href":"https:\/\/www.sitercl.com\/News\/index.php?rest_route=%2Fwp%2Fv2%2Ftags&post=16122"}],"curies":[{"name":"wp","href":"https:\/\/api.w.org\/{rel}","templated":true}]}}