{"id":1636,"date":"2019-08-08T18:29:37","date_gmt":"2019-08-08T16:29:37","guid":{"rendered":"https:\/\/www.sitercl.com\/News\/?p=1636"},"modified":"2019-08-08T18:29:37","modified_gmt":"2019-08-08T16:29:37","slug":"retour-possible-pour-radovanovic","status":"publish","type":"post","link":"https:\/\/www.sitercl.com\/News\/?p=1636","title":{"rendered":"Retour possible pour Radovanovic !"},"content":{"rendered":"\n<div class=\"wp-block-image\"><figure class=\"alignright\"><img decoding=\"async\" src=\"https:\/\/www.sitercl.com\/Fichejo\/R\/radovana.gif\" alt=\"\"\/><\/figure><\/div>\n\n\n\n<p>Enfin ! On va peut \u00eatre retrouver sur la pelouse samedi prochain pour le match de championnat \u00e0 Clermont le lensois Aleksandar Radovanovic avec l&rsquo;\u00e9quipe premi\u00e8re en match officiel. Chose pour rappel qu&rsquo;il n&rsquo;avait plus faite depuis novembre dernier\u2026 En effet, Philippe Montanier estime qu&rsquo;il peut r\u00e9int\u00e9grer le groupe suite \u00e0 sa reprise la semaine derni\u00e8re avec la r\u00e9serve.<br>Par contre l&rsquo;entra\u00eeneur lensois devra toujours se passer pour cette rencontre de Mouaad Madri (cheville) ainsi que de Vitor Costa qui est touch\u00e9 aux adducteurs depuis la semaine derni\u00e8re.<\/p>\n","protected":false},"excerpt":{"rendered":"<p>Enfin ! On va peut \u00eatre retrouver sur la pelouse samedi prochain pour le match de championnat \u00e0 Clermont le lensois Aleksandar Radovanovic avec l&rsquo;\u00e9quipe premi\u00e8re en match officiel. Chose pour rappel qu&rsquo;il n&rsquo;avait plus faite depuis novembre dernier\u2026 En effet, Philippe Montanier estime qu&rsquo;il peut r\u00e9int\u00e9grer le groupe suite \u00e0 sa reprise la semaine &hellip; <a href=\"https:\/\/www.sitercl.com\/News\/?p=1636\" class=\"more-link\">Continuer la lecture<span class=\"screen-reader-text\"> de &laquo;&nbsp;Retour possible pour Radovanovic !&nbsp;&raquo;<\/span><\/a><\/p>\n","protected":false},"author":2,"featured_media":0,"comment_status":"closed","ping_status":"open","sticky":false,"template":"","format":"standard","meta":{"footnotes":""},"categories":[2],"tags":[180,47,86,45],"class_list":["post-1636","post","type-post","status-publish","format-standard","hentry","category-infos","tag-costa-de-brito","tag-infirmerie","tag-madri","tag-radovanovic"],"_links":{"self":[{"href":"https:\/\/www.sitercl.com\/News\/index.php?rest_route=\/wp\/v2\/posts\/1636","targetHints":{"allow":["GET"]}}],"collection":[{"href":"https:\/\/www.sitercl.com\/News\/index.php?rest_route=\/wp\/v2\/posts"}],"about":[{"href":"https:\/\/www.sitercl.com\/News\/index.php?rest_route=\/wp\/v2\/types\/post"}],"author":[{"embeddable":true,"href":"https:\/\/www.sitercl.com\/News\/index.php?rest_route=\/wp\/v2\/users\/2"}],"replies":[{"embeddable":true,"href":"https:\/\/www.sitercl.com\/News\/index.php?rest_route=%2Fwp%2Fv2%2Fcomments&post=1636"}],"version-history":[{"count":1,"href":"https:\/\/www.sitercl.com\/News\/index.php?rest_route=\/wp\/v2\/posts\/1636\/revisions"}],"predecessor-version":[{"id":1637,"href":"https:\/\/www.sitercl.com\/News\/index.php?rest_route=\/wp\/v2\/posts\/1636\/revisions\/1637"}],"wp:attachment":[{"href":"https:\/\/www.sitercl.com\/News\/index.php?rest_route=%2Fwp%2Fv2%2Fmedia&parent=1636"}],"wp:term":[{"taxonomy":"category","embeddable":true,"href":"https:\/\/www.sitercl.com\/News\/index.php?rest_route=%2Fwp%2Fv2%2Fcategories&post=1636"},{"taxonomy":"post_tag","embeddable":true,"href":"https:\/\/www.sitercl.com\/News\/index.php?rest_route=%2Fwp%2Fv2%2Ftags&post=1636"}],"curies":[{"name":"wp","href":"https:\/\/api.w.org\/{rel}","templated":true}]}}