{"id":16488,"date":"2026-01-29T19:16:27","date_gmt":"2026-01-29T18:16:27","guid":{"rendered":"https:\/\/www.sitercl.com\/News\/?p=16488"},"modified":"2026-01-30T18:42:05","modified_gmt":"2026-01-30T17:42:05","slug":"les-groupes-pour-lens-le-havre-4","status":"publish","type":"post","link":"https:\/\/www.sitercl.com\/News\/?p=16488","title":{"rendered":"Les groupes pour Lens &#8211; Le Havre&#8230;"},"content":{"rendered":"<div class=\"wp-block-image\">\n<figure class=\"alignright size-large\"><img decoding=\"async\" src=\"https:\/\/www.sitercl.com\/Clubs\/France\/havreac.gif\" alt=\"\"\/><\/figure>\n<\/div>\n\n\n<p>Retrouvez les groupes et quelques infos sur la rencontre Lens &#8211; Le Havre comptant pour la 20e journ\u00e9e de Ligue 1 McDonald&rsquo;s qui se jouera ce vendredi \u00e0 Bollaert-Delelis \u00e0 partir de 20h45 (diffusion en direct sur Ligue 1+).<\/p>\n\n\n\n<p><em>Pour le RC Lens&#8230;<\/em><br>Risser, Lefranc, Gorgelin, Yeboah; Sarr, Abdulkamid, Celik, Udol, Aguilar, Ganiou, Antonio; Thomasson, Sangar\u00e9, Bulatovic, Haidara, Bermont; Sa\u00efd, Sotoca, R. Fofana, Thauvin, Sima, Edouard.<\/p>\n\n\n\n<p>M\u00eame si Jhoanner Ch\u00e1vez&nbsp;a repris l&rsquo;entra\u00eenement classique il n&rsquo;est pas encore dans le groupe.&nbsp;Le n\u00e9o-lensois, Arthur Masuaku,&nbsp;et&nbsp;Samson Baidoo&nbsp;se sont eux par contre entrain\u00e9s \u00e0 part et seront donc aussi absents.&nbsp;R\u00e9gis Gurtner&nbsp;et&nbsp;Jonathan Gradit&nbsp;sont toujours bless\u00e9s.&nbsp;Morgan Guilavogui&nbsp;est en instance de d\u00e9part, il \u00e9tait en plus <a href=\"https:\/\/www.sitercl.com\/News\/?post_type=post&amp;p=16426\">suspendu<\/a> pour cette rencontre. On notera \u00e9galement la premi\u00e8re apparition de Amadou Haidara dans le groupe<\/p>\n\n\n\n<p><em>Pour le HAC&#8230;<\/em><br>Diaw, Mpasi \u2013 Doucour\u00e9, Nego, Pembele, A. Sangant\u00e9, Seko, Zagadou, Zouaoui \u2013 Boufal, Kechta, Mosengo, R. Ndiaye, Gourna-Douath, Ebonog \u2013 Mambimbi, Kyeremeh, Mambimbi, Quetant, I. Soumar\u00e9.<\/p>\n\n\n\n<p>Le HAC est priv\u00e9 de plusieurs joueurs dont Gautier Lloris, d\u2019Abdoulaye Tour\u00e9 et d\u2019Ally Samatta (pied). Digard a annonc\u00e9 que Boufal et Pemb\u00e9l\u00e9 \u00e9taient s\u00fbrement encore un peu justes pour d\u00e9buter.<\/p>\n\n\n\n<p><em>L&rsquo;arbitre&#8230;<\/em><br>Pour <a href=\"https:\/\/www.sitercl.com\/News\/?post_type=post&amp;p=16483\">rappel<\/a>, il s&rsquo;agit de M. J\u00e9r\u00e9my STINAT.<\/p>\n\n\n\n<p><strong>Quelques informations<\/strong> :<br>&#8211; Le HAC est actuellement 15e de Ligue 1 avec 20 points (4 victoires, 8 nuls et 7 d\u00e9faites).<br>&#8211; L&rsquo;attaque Havraise est l&rsquo;avant derni\u00e8re du championnat avec 16 buts inscrits. R. Ndiaye et I. Soumare ont inscrit chacun trois buts.<br>&#8211; La d\u00e9fense Havraise est par contre bien mieux class\u00e9e puisqu&rsquo;elle est \u00e0 une respectable 7e place avec 24 buts encaiss\u00e9s.<br>&#8211; A l&rsquo;ext\u00e9rieur le bilan du HAC est de 1 victoire (\u00e0 Auxerre), 3 nuls et 5 d\u00e9faites (16e du classement).<br>&#8211; A l&rsquo;aller, le RCL s&rsquo;\u00e9tait impos\u00e9 au Havre (<a href=\"https:\/\/www.sitercl.com\/Matches\/2025-26\/Champion\/Ext\/havreac.htm\">1-2<\/a>). Voir les derni\u00e8res <a href=\"https:\/\/www.sitercl.com\/Clubs\/France\/havreac.htm\">confrontations<\/a> entre les deux clubs.<br>&#8211; Attention, Le Havre reste maintenant sur trois rencontres de Ligue 1 sans d\u00e9faite (2 nuls face \u00e0 Monaco et \u00e0 Rennes et une victoire face \u00e0 Angers).<br>&#8211; Le RC Lens reste sur 8 victoires de suite en championnat \u00e0 domicile plus une en Coupe de France.<br>&#8211; Les supporters du Havre qui viendront encourager leur \u00e9quipe pourront montrer leurs couleurs dans le parcage visiteur du stade Bollaert, mais pas dans le centre-ville de Lens, ni \u00e0 Arras ou encore Avion et Li\u00e9vin. Un arr\u00eat\u00e9 pr\u00e9fectoral a \u00e9t\u00e9 prise pour les encadrer&#8230;<\/p>\n","protected":false},"excerpt":{"rendered":"<p>Retrouvez les groupes et quelques infos sur la rencontre Lens &#8211; Le Havre comptant pour la 20e journ\u00e9e de Ligue 1 McDonald&rsquo;s qui se jouera ce vendredi \u00e0 Bollaert-Delelis \u00e0 partir de 20h45 (diffusion en direct sur Ligue 1+). Pour le RC Lens&#8230;Risser, Lefranc, Gorgelin, Yeboah; Sarr, Abdulkamid, Celik, Udol, Aguilar, Ganiou, Antonio; Thomasson, Sangar\u00e9, &hellip; <a href=\"https:\/\/www.sitercl.com\/News\/?p=16488\" class=\"more-link\">Continuer la lecture<span class=\"screen-reader-text\"> de &laquo;&nbsp;Les groupes pour Lens &#8211; Le Havre&#8230;&nbsp;&raquo;<\/span><\/a><\/p>\n","protected":false},"author":2,"featured_media":0,"comment_status":"closed","ping_status":"open","sticky":false,"template":"","format":"standard","meta":{"footnotes":""},"categories":[2],"tags":[11,112,151],"class_list":["post-16488","post","type-post","status-publish","format-standard","hentry","category-infos","tag-groupes","tag-le-havre","tag-ligue-1"],"_links":{"self":[{"href":"https:\/\/www.sitercl.com\/News\/index.php?rest_route=\/wp\/v2\/posts\/16488","targetHints":{"allow":["GET"]}}],"collection":[{"href":"https:\/\/www.sitercl.com\/News\/index.php?rest_route=\/wp\/v2\/posts"}],"about":[{"href":"https:\/\/www.sitercl.com\/News\/index.php?rest_route=\/wp\/v2\/types\/post"}],"author":[{"embeddable":true,"href":"https:\/\/www.sitercl.com\/News\/index.php?rest_route=\/wp\/v2\/users\/2"}],"replies":[{"embeddable":true,"href":"https:\/\/www.sitercl.com\/News\/index.php?rest_route=%2Fwp%2Fv2%2Fcomments&post=16488"}],"version-history":[{"count":5,"href":"https:\/\/www.sitercl.com\/News\/index.php?rest_route=\/wp\/v2\/posts\/16488\/revisions"}],"predecessor-version":[{"id":16503,"href":"https:\/\/www.sitercl.com\/News\/index.php?rest_route=\/wp\/v2\/posts\/16488\/revisions\/16503"}],"wp:attachment":[{"href":"https:\/\/www.sitercl.com\/News\/index.php?rest_route=%2Fwp%2Fv2%2Fmedia&parent=16488"}],"wp:term":[{"taxonomy":"category","embeddable":true,"href":"https:\/\/www.sitercl.com\/News\/index.php?rest_route=%2Fwp%2Fv2%2Fcategories&post=16488"},{"taxonomy":"post_tag","embeddable":true,"href":"https:\/\/www.sitercl.com\/News\/index.php?rest_route=%2Fwp%2Fv2%2Ftags&post=16488"}],"curies":[{"name":"wp","href":"https:\/\/api.w.org\/{rel}","templated":true}]}}