{"id":16492,"date":"2026-01-31T10:46:16","date_gmt":"2026-01-31T09:46:16","guid":{"rendered":"https:\/\/www.sitercl.com\/News\/?p=16492"},"modified":"2026-01-31T10:46:16","modified_gmt":"2026-01-31T09:46:16","slug":"revue-du-web-lens-le-havre","status":"publish","type":"post","link":"https:\/\/www.sitercl.com\/News\/?p=16492","title":{"rendered":"Revue du Web Lens &#8211; Le Havre"},"content":{"rendered":"<div class=\"wp-block-image\">\n<figure class=\"alignright size-full\"><img loading=\"lazy\" decoding=\"async\" width=\"150\" height=\"106\" src=\"https:\/\/www.sitercl.com\/News\/wp-content\/uploads\/2019\/01\/clavball.png\" alt=\"\" class=\"wp-image-587\"\/><\/figure>\n<\/div>\n\n\n<p>Retrouvez une s\u00e9lection d&rsquo;articles du Web sur la rencontre de la 20e journ\u00e9e de Ligue 1 McDonald&rsquo;s saison 2025\/2026 entre le RC Lens et Le Havre AC (1-0)&#8230;<br><br><b>www.lavoixdunord.fr<\/b> :<br>-31\/01\/2026 <a href=\"https:\/\/www.lavoixdunord.fr\/1670281\/article\/2026-01-31\/lens-le-havre-normalement-c-est-odsonne-ruben-aguilar-etait-point-nomme-pour\" target=\"_blank\" rel=\"noopener\">Lens \u2013 Le Havre : \u00ab Normalement c\u2019est Odsonne\u2026 \u00bb Ruben Aguilar \u00e9tait \u00e0 point nomm\u00e9 pour reprendre le centre de Matthieu Udol<\/a><br>-30\/01\/2026 <a href=\"https:\/\/www.lavoixdunord.fr\/1670276\/article\/2026-01-30\/lens-le-havre-l-equipe-de-france-j-y-crois-assure-mathieu-udol\" target=\"_blank\" rel=\"noopener\">Lens \u2013 Le Havre : \u00ab L\u2019\u00e9quipe de France j\u2019y crois \u00bb, assure Mathieu Udol<\/a><br>-30\/01\/2026 <a href=\"https:\/\/www.lavoixdunord.fr\/1670267\/article\/2026-01-30\/lens-le-havre-pourquoi-le-d-adrien-thomasson-ete-refuse\" target=\"_blank\" rel=\"noopener\">Lens \u2013 Le Havre : pourquoi le but d\u2019Adrien Thomasson a \u00e9t\u00e9 refus\u00e9 ?<\/a><br>-30\/01\/2026 <a href=\"https:\/\/www.lavoixdunord.fr\/1670257\/article\/2026-01-30\/direct-lens-le-havre-apres-le-coup-d-arret-les-sang-et-or-la-reconquete-de-la\" target=\"_blank\" rel=\"noopener\">Lens \u2013 Le Havre : les Sang et Or se relancent et reprennent la t\u00eate de la Ligue 1<\/a><br><br><b>www.lequipe.fr<\/b> :<br>-30\/01\/2026 <a href=\"https:\/\/www.lequipe.fr\/Football\/Actualites\/Avec-des-pistons-a-la-fete-lens-reagit-contre-le-havre-et-reprend-provisoirement-la-tete-de-la-ligue-1\/1638029\" target=\"_blank\" rel=\"noopener\">Avec des pistons \u00e0 la f\u00eate, Lens r\u00e9agit contre Le Havre et reprend provisoirement la t\u00eate de la Ligue 1<\/a><br>-30\/01\/2026 <a href=\"https:\/\/www.lequipe.fr\/Football\/Actualites\/Matthieu-udol-reve-toujours-d-une-premiere-selection-avec-l-equipe-de-france-on-espere-on-verra-bien\/1638040\" target=\"_blank\" rel=\"noopener\">Matthieu Udol r\u00eave toujours d&rsquo;une premi\u00e8re s\u00e9lection avec l&rsquo;\u00e9quipe de France : \u00ab On esp\u00e8re, on verra bien ! \u00bb<\/a><br><br><b>www.maxifoot.fr<\/b> :<br>-30\/01\/2026 <a href=\"https:\/\/www.maxifoot.fr\/football\/article-63730.htm\" target=\"_blank\" rel=\"noopener\">Lens reprend le tr\u00f4ne de leader &#8211; D\u00e9brief et NOTES des joueurs (RCL 1-0 HAC)<\/a><br>-30\/01\/2026 <a href=\"https:\/\/news.maxifoot.fr\/lens\/risser-a-aime-la-reaction-foot-449307.htm\" target=\"_blank\" rel=\"noopener\">Lens : Risser a aim\u00e9 la r\u00e9action<\/a><br><br><b>www.lefigaro.fr<\/b> :<br>-30\/01\/2026 <a href=\"https:\/\/www.lefigaro.fr\/sports\/football\/ligue-1\/lens-le-havre-risser-infranchissable-les-pistons-decisifs-edouard-fantomatique-les-tops-et-les-flops-20260130\" target=\"_blank\" rel=\"noopener\">Lens-Le Havre : Risser infranchissable, les pistons d\u00e9cisifs, \u00c9douard fantomatique&#8230; Les tops et les flops<\/a><br><br><b>www.ouest-france.fr<\/b> :<br>-30\/01\/2026 <a href=\"https:\/\/www.ouest-france.fr\/sport\/football\/rc-lens\/ligue-1-le-rc-lens-fait-le-travail-contre-le-havre-et-reprend-provisoirement-la-tete-du-championnat-73f32ff2-fe21-11f0-be0e-292cccbfadc3\" target=\"_blank\" rel=\"noopener\">Ligue 1. Le RC Lens fait le travail contre Le Havre et reprend provisoirement la t\u00eate du championnat<\/a><br><br><b>www.paris-normandie.fr<\/b> :<br>-30\/01\/2026 <a href=\"https:\/\/www.paris-normandie.fr\/id693432\/article\/2026-01-30\/football-ligue-1-loin-detre-ridicule-le-hac-sincline-face-au-rc-lens\" target=\"_blank\" rel=\"noopener\">Football \u2013 Ligue 1 : loin d\u2019\u00eatre ridicule, le HAC s\u2019incline face au RC Lens<\/a><br>-31\/01\/2026 <a href=\"https:\/\/www.paris-normandie.fr\/id693445\/article\/2026-01-31\/football-hac-inquietude-pour-arouna-sangante-et-ayumu-seko\" target=\"_blank\" rel=\"noopener\">Football \u2013 HAC : inqui\u00e9tude pour Arouna Sangante et Ayumu Seko<\/a><\/p>\n\n\n<div class=\"wp-block-image\">\n<figure class=\"aligncenter size-full\"><img loading=\"lazy\" decoding=\"async\" width=\"173\" height=\"2\" src=\"https:\/\/www.sitercl.com\/News\/wp-content\/uploads\/2022\/03\/NAVIsep3.gif\" alt=\"\" class=\"wp-image-7319\"\/><\/figure>\n<\/div>\n\n\n<p><strong><em>Avant match&#8230;<\/em><\/strong><br><br><b>www.lavoixdunord.fr<\/b> :<br>-30\/01\/2026 <a href=\"https:\/\/www.lavoixdunord.fr\/1669982\/article\/2026-01-30\/un-tube-un-coup-de-genie-et-un-souvenir-invente-notre-seance-de-rattrapage-avant\" target=\"_blank\" rel=\"noopener\">Un tube, un coup de g\u00e9nie et un souvenir invent\u00e9&#8230; Notre s\u00e9ance de rattrapage avant Lens &#8211; Le Havre<\/a><br>-29\/01\/2026 <a href=\"https:\/\/www.lavoixdunord.fr\/1669677\/article\/2026-01-29\/lens-le-havre-pour-tenter-d-eviter-les-affrontements-la-prefecture-encadre-la\" target=\"_blank\" rel=\"noopener\">Lens \u2013 Le Havre : pour tenter d\u2019\u00e9viter les affrontements, la pr\u00e9fecture encadre la venue des supporters havrais<\/a><br>-28\/01\/2026 <a href=\"https:\/\/www.lavoixdunord.fr\/1669304\/article\/2026-01-28\/rc-lens-baidoo-masuaku-et-chavez-pas-disponibles-pour-le-havre\" target=\"_blank\" rel=\"noopener\">RC Lens : Baidoo, Masuaku et Chavez pas disponibles pour Le Havre<\/a><br>-28\/01\/2026 <a href=\"https:\/\/www.lavoixdunord.fr\/1669318\/article\/2026-01-28\/lens-le-havre-j-ai-un-peu-pousse-pour-qu-amadou-signe-au-racing\" target=\"_blank\" rel=\"noopener\">Lens \u2013 Le Havre : \u00ab J\u2019ai un peu pouss\u00e9 pour qu\u2019Amadou signe au Racing \u00bb, Mamadou Sangar\u00e9 \u00e9voque l\u2019arriv\u00e9e de son \u00e9quipier en s\u00e9lection<\/a><br>-28\/01\/2026 <a href=\"https:\/\/www.lavoixdunord.fr\/1669317\/article\/2026-01-28\/mercato-rc-lens-morgan-guilavogui-en-partance-le-racing-reflechit-son\" target=\"_blank\" rel=\"noopener\">Mercato RC Lens : Morgan Guilavogui en partance, le Racing r\u00e9fl\u00e9chit \u00e0 son remplacement<\/a><br>-27\/01\/2026 <a href=\"https:\/\/www.lavoixdunord.fr\/1669163\/article\/2026-01-27\/mercato-le-rc-lens-officialise-l-arrivee-du-lateral-gauche-arthur-masuaku\" target=\"_blank\" rel=\"noopener\">Mercato : le RC Lens officialise l\u2019arriv\u00e9e du lat\u00e9ral gauche Arthur Masuaku<\/a><br><br><b>www.lequipe.fr<\/b> :<br>-29\/01\/2026 <a href=\"https:\/\/www.lequipe.fr\/Football\/Actualites\/Mercato-morgan-guilavogui-va-passer-sa-visite-medicale-avec-le-real-salt-lake\/1637532\" target=\"_blank\" rel=\"noopener\">Mercato : le Lensois Morgan Guilavogui va passer sa visite m\u00e9dicale avec le Real Salt Lake<\/a><br>-27\/01\/2026 <a href=\"https:\/\/www.lequipe.fr\/Football\/Actualites\/Mercato-lens-officialise-l-arrivee-en-pret-d-arthur-masuaku\/1637082\" target=\"_blank\" rel=\"noopener\">Mercato : Lens officialise l&rsquo;arriv\u00e9e en pr\u00eat d&rsquo;Arthur Masuaku<\/a><br><br><b>www.rtl.fr<\/b> :<br>-29\/01\/2026 <a href=\"https:\/\/www.rtl.fr\/sport\/football\/le-rc-lens-de-retour-en-ligue-des-champions-le-directeur-sportif-jean-louis-leca-affiche-ses-ambitions-sur-rtl-et-evoque-le-recrutement-cet-hiver-7900595024\" target=\"_blank\" rel=\"noopener\">Le RC Lens de retour en Ligue des champions ? Le directeur sportif Jean-Louis Leca affiche ses ambitions sur RTL et \u00e9voque le recrutement cet hiver<\/a><br><br><b>france3-regions.franceinfo.fr<\/b> :<br>-29\/01\/2026 <a href=\"https:\/\/france3-regions.franceinfo.fr\/hauts-de-france\/pas-calais\/lens\/aucune-forme-de-violence-n-est-acceptable-un-dispositif-d-encadrement-des-supporters-havrais-pour-le-bon-deroulement-du-match-rc-lens-le-havre-en-ligue-1-3290331.html\" target=\"_blank\" rel=\"noopener\">Ligue 1 de football : un dispositif d&rsquo;encadrement des supporters havrais pour le bon d\u00e9roulement du match RC Lens &#8211; Le Havre<\/a><br><br><b>www.butfootballclub.fr<\/b> :<br>-29\/01\/2026 <a href=\"https:\/\/www.butfootballclub.fr\/1644511-rc-lens-le-groupe-de-sage-pour-le-havre-avec-plusieurs-absents-et-la-premiere-dhaidara\/\" target=\"_blank\" rel=\"noopener\">RC Lens : le groupe de Sage pour Le Havre, avec plusieurs absents et la premi\u00e8re d\u2019Haidara<\/a><br><br><b>www.sofoot.com<\/b> :<br>-30\/01\/2026 <a href=\"https:\/\/www.sofoot.com\/articles\/ligue-1-lens-doit-il-afficher-clairement-ses-ambitions-de-titre-devant-le-psg\" target=\"_blank\" rel=\"noopener\">Lens doit-il afficher clairement ses ambitions de titre\u202f?<\/a><br><br><b>madeinfoot.ouest-france.fr<\/b> :<br>-29\/01\/2026 <a href=\"https:\/\/madeinfoot.ouest-france.fr\/infos\/article-rc-lens-didier-digard-encense-les-lensois-a-l-approche-du-match-face-au-havre-ac-510885.html\" target=\"_blank\" rel=\"noopener\">Le Havre AC : Didier Digard encense les Lensois \u00e0 l&rsquo;approche du match face au Havre AC<\/a><br><br><b>www.paris-normandie.fr<\/b> :<br>-28\/01\/2026 <a href=\"https:\/\/www.paris-normandie.fr\/id692745\/article\/2026-01-28\/football-hac-diaw-ou-mpasi-lincertitude-demeure-48-heures-du-deplacement-lens\" target=\"_blank\" rel=\"noopener\">Football \u2013 HAC. Diaw ou Mpasi ? L\u2019incertitude demeure \u00e0 48 heures du d\u00e9placement \u00e0 Lens<\/a><br>-28\/01\/2026 <a href=\"https:\/\/www.paris-normandie.fr\/videos\/hac-pn\/football-hac-didier-digard-avant-le-deplacement-a-lens?param01=35zrqk3\u00b6m02=01490263\u00b6m03=32\" target=\"_blank\" rel=\"noopener\">[Video] Football. HAC : Didier Digard avant le d\u00e9placement \u00e0 Lens<\/a><\/p>\n","protected":false},"excerpt":{"rendered":"<p>Retrouvez une s\u00e9lection d&rsquo;articles du Web sur la rencontre de la 20e journ\u00e9e de Ligue 1 McDonald&rsquo;s saison 2025\/2026 entre le RC Lens et Le Havre AC (1-0)&#8230; www.lavoixdunord.fr :-31\/01\/2026 Lens \u2013 Le Havre : \u00ab Normalement c\u2019est Odsonne\u2026 \u00bb Ruben Aguilar \u00e9tait \u00e0 point nomm\u00e9 pour reprendre le centre de Matthieu Udol-30\/01\/2026 Lens \u2013 &hellip; <a href=\"https:\/\/www.sitercl.com\/News\/?p=16492\" class=\"more-link\">Continuer la lecture<span class=\"screen-reader-text\"> de &laquo;&nbsp;Revue du Web Lens &#8211; Le Havre&nbsp;&raquo;<\/span><\/a><\/p>\n","protected":false},"author":2,"featured_media":0,"comment_status":"closed","ping_status":"open","sticky":false,"template":"","format":"standard","meta":{"footnotes":""},"categories":[6],"tags":[13,112,151],"class_list":["post-16492","post","type-post","status-publish","format-standard","hentry","category-revue-du-web","tag-internet","tag-le-havre","tag-ligue-1"],"_links":{"self":[{"href":"https:\/\/www.sitercl.com\/News\/index.php?rest_route=\/wp\/v2\/posts\/16492","targetHints":{"allow":["GET"]}}],"collection":[{"href":"https:\/\/www.sitercl.com\/News\/index.php?rest_route=\/wp\/v2\/posts"}],"about":[{"href":"https:\/\/www.sitercl.com\/News\/index.php?rest_route=\/wp\/v2\/types\/post"}],"author":[{"embeddable":true,"href":"https:\/\/www.sitercl.com\/News\/index.php?rest_route=\/wp\/v2\/users\/2"}],"replies":[{"embeddable":true,"href":"https:\/\/www.sitercl.com\/News\/index.php?rest_route=%2Fwp%2Fv2%2Fcomments&post=16492"}],"version-history":[{"count":6,"href":"https:\/\/www.sitercl.com\/News\/index.php?rest_route=\/wp\/v2\/posts\/16492\/revisions"}],"predecessor-version":[{"id":16505,"href":"https:\/\/www.sitercl.com\/News\/index.php?rest_route=\/wp\/v2\/posts\/16492\/revisions\/16505"}],"wp:attachment":[{"href":"https:\/\/www.sitercl.com\/News\/index.php?rest_route=%2Fwp%2Fv2%2Fmedia&parent=16492"}],"wp:term":[{"taxonomy":"category","embeddable":true,"href":"https:\/\/www.sitercl.com\/News\/index.php?rest_route=%2Fwp%2Fv2%2Fcategories&post=16492"},{"taxonomy":"post_tag","embeddable":true,"href":"https:\/\/www.sitercl.com\/News\/index.php?rest_route=%2Fwp%2Fv2%2Ftags&post=16492"}],"curies":[{"name":"wp","href":"https:\/\/api.w.org\/{rel}","templated":true}]}}