{"id":17132,"date":"2026-04-28T20:15:15","date_gmt":"2026-04-28T18:15:15","guid":{"rendered":"https:\/\/www.sitercl.com\/News\/?p=17132"},"modified":"2026-04-28T20:15:15","modified_gmt":"2026-04-28T18:15:15","slug":"places-pour-la-finale-ou-une-diffusion-a-bollaert","status":"publish","type":"post","link":"https:\/\/www.sitercl.com\/News\/?p=17132","title":{"rendered":"Places pour la finale ou une diffusion \u00e0 Bollaert"},"content":{"rendered":"<div class=\"wp-block-image\">\n<figure class=\"alignright size-large\"><img decoding=\"async\" src=\"https:\/\/www.sitercl.com\/HISTPAL0\/cpligue.jpg\" alt=\"\"\/><\/figure>\n<\/div>\n\n\n<p>Le RC Lens a communiqu\u00e9 sur le site officiel les modalit\u00e9s pour obtenir une des places r\u00e9serv\u00e9es aux supporters du club pour la finale de la Coupe de France du vendredi 22 mai 2026 \u00e0 21h au Stade de France contre l&rsquo;OGC Nice. Et comme on pouvait s&rsquo;y attendre, il y aura des d\u00e9\u00e7us puisque le RCL a obtenu \u00ab\u00a0seulement\u00a0\u00bb 19 600 places payantes de 29 \u00e0 120 euros (hors contingent hospitalit\u00e9s) pour 28 500 abonn\u00e9s cette saison.<\/p>\n\n\n\n<p>Trois phases ont donc \u00e9t\u00e9 programm\u00e9es pour la mise en vente :<br>&#8211; abonn\u00e9s grand public avec 100% d&rsquo;assuidit\u00e9 \u00e0 Bollaert du 30 avril 11h au 4 mai 18h<br>&#8211; abonn\u00e9s grand public avec au moins 50% d&rsquo;assuidit\u00e9 \u00e0 Bollaert du 5 mai 17h au 6 mai 18h<br>&#8211; s&rsquo;il reste encore des places disponibles \u00e0 la vente, \u00e0 tous les autres \u00e0 partir du 7 mai \u00e0 17h.<br>Sinon, le 12 mai, la billetterie en ligne de la F\u00e9d\u00e9ration Fran\u00e7aise de Football mettera en ventes \u00e9galement quelques places.<\/p>\n\n\n\n<p>Le club propose aussi \u00e0 partir du jeudi 30 avril \u00e0 11h, \u00e0 l\u2019ensemble des sympathisants du Racing d&rsquo;acheter des places (10\u20ac) pour Bollaert-Delelis o\u00f9 la rencontre sera diffus\u00e9e sur \u00e9crans g\u00e9ants.<\/p>\n\n\n\n<p>Plus d&rsquo;infos sur <a href=\"https:\/\/www.rclens.fr\/fr\/rclens-ogcnice-finale-coupe-de-france-modalites-billetterie-20260428\" data-type=\"link\" data-id=\"https:\/\/www.rclens.fr\/fr\/rclens-ogcnice-finale-coupe-de-france-modalites-billetterie-20260428\" target=\"_blank\" rel=\"noreferrer noopener\">le site officiel<\/a>&#8230;<\/p>\n","protected":false},"excerpt":{"rendered":"<p>Le RC Lens a communiqu\u00e9 sur le site officiel les modalit\u00e9s pour obtenir une des places r\u00e9serv\u00e9es aux supporters du club pour la finale de la Coupe de France du vendredi 22 mai 2026 \u00e0 21h au Stade de France contre l&rsquo;OGC Nice. Et comme on pouvait s&rsquo;y attendre, il y aura des d\u00e9\u00e7us puisque &hellip; <a href=\"https:\/\/www.sitercl.com\/News\/?p=17132\" class=\"more-link\">Continuer la lecture<span class=\"screen-reader-text\"> de &laquo;&nbsp;Places pour la finale ou une diffusion \u00e0 Bollaert&nbsp;&raquo;<\/span><\/a><\/p>\n","protected":false},"author":2,"featured_media":0,"comment_status":"closed","ping_status":"open","sticky":false,"template":"","format":"standard","meta":{"footnotes":""},"categories":[2],"tags":[8,25,103,352],"class_list":["post-17132","post","type-post","status-publish","format-standard","hentry","category-infos","tag-billetterie","tag-coupe-de-france","tag-deplacement","tag-nice"],"_links":{"self":[{"href":"https:\/\/www.sitercl.com\/News\/index.php?rest_route=\/wp\/v2\/posts\/17132","targetHints":{"allow":["GET"]}}],"collection":[{"href":"https:\/\/www.sitercl.com\/News\/index.php?rest_route=\/wp\/v2\/posts"}],"about":[{"href":"https:\/\/www.sitercl.com\/News\/index.php?rest_route=\/wp\/v2\/types\/post"}],"author":[{"embeddable":true,"href":"https:\/\/www.sitercl.com\/News\/index.php?rest_route=\/wp\/v2\/users\/2"}],"replies":[{"embeddable":true,"href":"https:\/\/www.sitercl.com\/News\/index.php?rest_route=%2Fwp%2Fv2%2Fcomments&post=17132"}],"version-history":[{"count":1,"href":"https:\/\/www.sitercl.com\/News\/index.php?rest_route=\/wp\/v2\/posts\/17132\/revisions"}],"predecessor-version":[{"id":17133,"href":"https:\/\/www.sitercl.com\/News\/index.php?rest_route=\/wp\/v2\/posts\/17132\/revisions\/17133"}],"wp:attachment":[{"href":"https:\/\/www.sitercl.com\/News\/index.php?rest_route=%2Fwp%2Fv2%2Fmedia&parent=17132"}],"wp:term":[{"taxonomy":"category","embeddable":true,"href":"https:\/\/www.sitercl.com\/News\/index.php?rest_route=%2Fwp%2Fv2%2Fcategories&post=17132"},{"taxonomy":"post_tag","embeddable":true,"href":"https:\/\/www.sitercl.com\/News\/index.php?rest_route=%2Fwp%2Fv2%2Ftags&post=17132"}],"curies":[{"name":"wp","href":"https:\/\/api.w.org\/{rel}","templated":true}]}}