{"id":17138,"date":"2026-04-29T21:01:56","date_gmt":"2026-04-29T19:01:56","guid":{"rendered":"https:\/\/www.sitercl.com\/News\/?p=17138"},"modified":"2026-04-29T21:01:56","modified_gmt":"2026-04-29T19:01:56","slug":"larbitre-de-nice-lens-3","status":"publish","type":"post","link":"https:\/\/www.sitercl.com\/News\/?p=17138","title":{"rendered":"L&rsquo;arbitre de Nice &#8211; Lens"},"content":{"rendered":"<div class=\"wp-block-image\">\n<figure class=\"alignright size-full\"><img loading=\"lazy\" decoding=\"async\" width=\"130\" height=\"130\" src=\"https:\/\/www.sitercl.com\/News\/wp-content\/uploads\/2018\/12\/sifflet.jpg\" alt=\"\" class=\"wp-image-270\"\/><\/figure>\n<\/div>\n\n\n<p>On connait les arbitres qui officieront lors de la 32e journ\u00e9e de Ligue 1 McDonald\u2019s. C&rsquo;est M. Thomas L\u00c9ONARD qui a \u00e9t\u00e9 d\u00e9sign\u00e9 pour le match entre l&rsquo;OGC Nice et le RC Lens de ce samedi 2 mai (coup d&rsquo;envoi \u00e0 21h05). Il sera assist\u00e9 sur les lignes de touches par Huseyin OCAK et Christophe MOUYSSET. Le 4e arbitre sera J\u00e9r\u00e9my STINAT. Les arbitres assistants vid\u00e9o\u00a0: Yohann ROUINSARD et Mehdi MOKHTARI.<\/p>\n\n\n\n<p>M. Thomas L\u00e9onard est n\u00e9 le 28 ao\u00fbt 1981 (44 ans) \u00e0 Metz. Il a fait ses d\u00e9buts en premi\u00e8re division le\u00a09 mars 2008. Depuis le d\u00e9but de la saison, il a arbitr\u00e9 16 rencontres de L1 o\u00f9 il a distribu\u00e9 63 cartons jaunes et trois rouges.<br>Dont un seul match avec les lensois, c&rsquo;\u00e9tait le 14 mars dernier avec une d\u00e9faite des Sang et Or \u00e0 Lorient (<a href=\"https:\/\/www.sitercl.com\/Matches\/2025-26\/Champion\/Ext\/lorientf.htm\">2-1<\/a>) pour le compte de la 26e journ\u00e9e de championnat. L&rsquo;OGC Nice a lui perdu ses trois rencontres cette saison o\u00f9 celui-ci a \u00e9t\u00e9 d\u00e9sign\u00e9 comme arbitre.<\/p>\n","protected":false},"excerpt":{"rendered":"<p>On connait les arbitres qui officieront lors de la 32e journ\u00e9e de Ligue 1 McDonald\u2019s. C&rsquo;est M. Thomas L\u00c9ONARD qui a \u00e9t\u00e9 d\u00e9sign\u00e9 pour le match entre l&rsquo;OGC Nice et le RC Lens de ce samedi 2 mai (coup d&rsquo;envoi \u00e0 21h05). Il sera assist\u00e9 sur les lignes de touches par Huseyin OCAK et Christophe &hellip; <a href=\"https:\/\/www.sitercl.com\/News\/?p=17138\" class=\"more-link\">Continuer la lecture<span class=\"screen-reader-text\"> de &laquo;&nbsp;L&rsquo;arbitre de Nice &#8211; Lens&nbsp;&raquo;<\/span><\/a><\/p>\n","protected":false},"author":2,"featured_media":0,"comment_status":"closed","ping_status":"open","sticky":false,"template":"","format":"standard","meta":{"footnotes":""},"categories":[2],"tags":[53,151,352],"class_list":["post-17138","post","type-post","status-publish","format-standard","hentry","category-infos","tag-arbitre","tag-ligue-1","tag-nice"],"_links":{"self":[{"href":"https:\/\/www.sitercl.com\/News\/index.php?rest_route=\/wp\/v2\/posts\/17138","targetHints":{"allow":["GET"]}}],"collection":[{"href":"https:\/\/www.sitercl.com\/News\/index.php?rest_route=\/wp\/v2\/posts"}],"about":[{"href":"https:\/\/www.sitercl.com\/News\/index.php?rest_route=\/wp\/v2\/types\/post"}],"author":[{"embeddable":true,"href":"https:\/\/www.sitercl.com\/News\/index.php?rest_route=\/wp\/v2\/users\/2"}],"replies":[{"embeddable":true,"href":"https:\/\/www.sitercl.com\/News\/index.php?rest_route=%2Fwp%2Fv2%2Fcomments&post=17138"}],"version-history":[{"count":1,"href":"https:\/\/www.sitercl.com\/News\/index.php?rest_route=\/wp\/v2\/posts\/17138\/revisions"}],"predecessor-version":[{"id":17139,"href":"https:\/\/www.sitercl.com\/News\/index.php?rest_route=\/wp\/v2\/posts\/17138\/revisions\/17139"}],"wp:attachment":[{"href":"https:\/\/www.sitercl.com\/News\/index.php?rest_route=%2Fwp%2Fv2%2Fmedia&parent=17138"}],"wp:term":[{"taxonomy":"category","embeddable":true,"href":"https:\/\/www.sitercl.com\/News\/index.php?rest_route=%2Fwp%2Fv2%2Fcategories&post=17138"},{"taxonomy":"post_tag","embeddable":true,"href":"https:\/\/www.sitercl.com\/News\/index.php?rest_route=%2Fwp%2Fv2%2Ftags&post=17138"}],"curies":[{"name":"wp","href":"https:\/\/api.w.org\/{rel}","templated":true}]}}