{"id":17141,"date":"2026-05-01T10:24:37","date_gmt":"2026-05-01T08:24:37","guid":{"rendered":"https:\/\/www.sitercl.com\/News\/?p=17141"},"modified":"2026-05-01T11:49:01","modified_gmt":"2026-05-01T09:49:01","slug":"revue-de-presse-nice-lens","status":"publish","type":"post","link":"https:\/\/www.sitercl.com\/News\/?p=17141","title":{"rendered":"Revue de presse Nice &#8211; Lens"},"content":{"rendered":"<div class=\"wp-block-image\">\n<figure class=\"alignright size-full\"><img loading=\"lazy\" decoding=\"async\" width=\"150\" height=\"106\" src=\"https:\/\/www.sitercl.com\/News\/wp-content\/uploads\/2019\/01\/clavball.png\" alt=\"\" class=\"wp-image-587\"\/><\/figure>\n<\/div>\n\n\n<p>Retrouvez une s\u00e9lection d&rsquo;articles du Web sur la rencontre de la 32e journ\u00e9e de Ligue 1 McDonald&rsquo;s saison 2025\/2026 entre l&rsquo;OGC Nice et le RC Lens&#8230;<\/p>\n\n\n<div class=\"wp-block-image\">\n<figure class=\"aligncenter size-full\"><img loading=\"lazy\" decoding=\"async\" width=\"173\" height=\"2\" src=\"https:\/\/www.sitercl.com\/News\/wp-content\/uploads\/2022\/03\/NAVIsep3.gif\" alt=\"\" class=\"wp-image-7319\"\/><\/figure>\n<\/div>\n\n\n<p><strong><em>Avant match&#8230;<\/em><\/strong><br><br><b>www.lavoixdunord.fr<\/b> :<br>-30\/04\/2026 <a href=\"https:\/\/www.lavoixdunord.fr\/1698985\/article\/2026-04-30\/lens-nice-je-suis-en-mission-je-ne-me-projette-pas-sur-la-saison-prochaine\" target=\"_blank\" rel=\"noopener\">Lens \u2013 Nice : \u00ab je suis en mission, je ne me projette pas sur la saison prochaine \u00bb, assure Saint-Maximin<\/a><br>-30\/04\/2026 <a href=\"https:\/\/www.lavoixdunord.fr\/1698967\/article\/2026-04-30\/nice-lens-le-racing-au-quasi-grand-complet\" target=\"_blank\" rel=\"noopener\">Nice \u2013 Lens : le Racing au (quasi) grand complet<\/a><br><br><b>www.lequipe.fr<\/b> :<br>-30\/04\/2026 <a href=\"https:\/\/www.lequipe.fr\/Football\/Actualites\/Allan-saint-maximin-avant-nice-lens-je-suis-tres-content-de-mon-integration\/1672133\" target=\"_blank\" rel=\"noopener\">Allan Saint-Maximin avant Nice-Lens : \u00ab Je suis tr\u00e8s content de mon int\u00e9gration \u00bb<\/a><br>-30\/04\/2026 <a href=\"https:\/\/www.lequipe.fr\/Football\/Actualites\/L-entraineur-de-lens-pierre-sage-regrette-son-enervement-apres-le-nul-a-brest-quand-le-patriarche-deconne\/1672148\" target=\"_blank\" rel=\"noopener\">L&rsquo;entra\u00eeneur de Lens Pierre Sage regrette son \u00e9nervement apr\u00e8s le nul \u00e0 Brest : \u00ab Quand le patriarche d\u00e9conne&#8230; \u00bb<\/a><br>-30\/04\/2026 <a href=\"https:\/\/www.lequipe.fr\/Football\/Actualites\/Podcast-big-5-pierre-sage-les-coulisses-de-son-succes-a-lens\/1672079\" target=\"_blank\" rel=\"noopener\">Podcast \u00ab Big 5 \u00bb &#8211; Pierre Sage, les coulisses de son succ\u00e8s \u00e0 Lens<\/a><br><br><b>rmcsport.bfmtv.com<\/b> :<br>-30\/04\/2026 <a href=\"https:\/\/rmcsport.bfmtv.com\/football\/clubs\/rc-lens\/une-facette-qui-me-sort-de-l-image-du-gendre-ideal-les-confidences-de-pierre-sage-sur-sa-colere-noire-face-a-brest-et-les-consequences-dans-le-vestiaire-de-lens_AV-202604300589.html\" target=\"_blank\" rel=\"noopener\">\u00ab\u00a0Une facette qui me sort de l&rsquo;image du gendre id\u00e9al\u00a0\u00bb: les confidences de Pierre Sage sur sa col\u00e8re noire face \u00e0 Brest et les cons\u00e9quences dans le vestiaire de Lens<\/a><br><br><b>www.sport.fr<\/b> :<br>-01\/05\/2026 <a href=\"https:\/\/www.sport.fr\/football\/ogc-nice-rc-lens-a-21h05-les-compos-probables-1450317.shtm\" target=\"_blank\" rel=\"noopener\">OGC Nice \u2013 RC Lens \u00e0 21h05 : les compos probables<\/a><\/p>\n","protected":false},"excerpt":{"rendered":"<p>Retrouvez une s\u00e9lection d&rsquo;articles du Web sur la rencontre de la 32e journ\u00e9e de Ligue 1 McDonald&rsquo;s saison 2025\/2026 entre l&rsquo;OGC Nice et le RC Lens&#8230; Avant match&#8230; www.lavoixdunord.fr :-30\/04\/2026 Lens \u2013 Nice : \u00ab je suis en mission, je ne me projette pas sur la saison prochaine \u00bb, assure Saint-Maximin-30\/04\/2026 Nice \u2013 Lens : &hellip; <a href=\"https:\/\/www.sitercl.com\/News\/?p=17141\" class=\"more-link\">Continuer la lecture<span class=\"screen-reader-text\"> de &laquo;&nbsp;Revue de presse Nice &#8211; Lens&nbsp;&raquo;<\/span><\/a><\/p>\n","protected":false},"author":2,"featured_media":0,"comment_status":"closed","ping_status":"open","sticky":false,"template":"","format":"standard","meta":{"footnotes":""},"categories":[6],"tags":[13,151,352],"class_list":["post-17141","post","type-post","status-publish","format-standard","hentry","category-revue-du-web","tag-internet","tag-ligue-1","tag-nice"],"_links":{"self":[{"href":"https:\/\/www.sitercl.com\/News\/index.php?rest_route=\/wp\/v2\/posts\/17141","targetHints":{"allow":["GET"]}}],"collection":[{"href":"https:\/\/www.sitercl.com\/News\/index.php?rest_route=\/wp\/v2\/posts"}],"about":[{"href":"https:\/\/www.sitercl.com\/News\/index.php?rest_route=\/wp\/v2\/types\/post"}],"author":[{"embeddable":true,"href":"https:\/\/www.sitercl.com\/News\/index.php?rest_route=\/wp\/v2\/users\/2"}],"replies":[{"embeddable":true,"href":"https:\/\/www.sitercl.com\/News\/index.php?rest_route=%2Fwp%2Fv2%2Fcomments&post=17141"}],"version-history":[{"count":2,"href":"https:\/\/www.sitercl.com\/News\/index.php?rest_route=\/wp\/v2\/posts\/17141\/revisions"}],"predecessor-version":[{"id":17147,"href":"https:\/\/www.sitercl.com\/News\/index.php?rest_route=\/wp\/v2\/posts\/17141\/revisions\/17147"}],"wp:attachment":[{"href":"https:\/\/www.sitercl.com\/News\/index.php?rest_route=%2Fwp%2Fv2%2Fmedia&parent=17141"}],"wp:term":[{"taxonomy":"category","embeddable":true,"href":"https:\/\/www.sitercl.com\/News\/index.php?rest_route=%2Fwp%2Fv2%2Fcategories&post=17141"},{"taxonomy":"post_tag","embeddable":true,"href":"https:\/\/www.sitercl.com\/News\/index.php?rest_route=%2Fwp%2Fv2%2Ftags&post=17141"}],"curies":[{"name":"wp","href":"https:\/\/api.w.org\/{rel}","templated":true}]}}