{"id":1758,"date":"2019-08-23T16:24:59","date_gmt":"2019-08-23T14:24:59","guid":{"rendered":"https:\/\/www.sitercl.com\/News\/?p=1758"},"modified":"2019-08-24T11:02:17","modified_gmt":"2019-08-24T09:02:17","slug":"jean-kevin-duverne-deboute","status":"publish","type":"post","link":"https:\/\/www.sitercl.com\/News\/?p=1758","title":{"rendered":"Jean-Kevin Duverne d\u00e9bout\u00e9"},"content":{"rendered":"\n<div class=\"wp-block-image\"><figure class=\"alignright\"><img decoding=\"async\" src=\"https:\/\/www.sitercl.com\/Fichejo\/D\/duvernej.gif\" alt=\"\"\/><\/figure><\/div>\n\n\n\n<p>L&rsquo;inverse aurait \u00e9t\u00e9 plut\u00f4t surprenant puisque la LFP avait elle m\u00eame auparavant enregistr\u00e9 l&rsquo;avenant \u00ab\u00a0pol\u00e9mique\u00a0\u00bb de la prolongation du contrat de Jean-K\u00e9vin Duverne mais c&rsquo;est maintenant officiel (*)\u2026 La commission juridique de la Ligue a reconnu que l&rsquo;avenant \u00e0 son contrat \u00e9tait valable et que le joueur, faute de preuve suffisante, \u00e9tait donc bien sous contrat jusqu&rsquo;en 2020 avec le RC Lens voire m\u00eame 2021 en cas de mont\u00e9e du club en L1 en fin de saison !<br>Reste bien s\u00fbr que cela au final ne change pas grand chose au niveau sportif puisque le d\u00e9fenseur ne jouera certainement plus avec le club Sang et Or. Au niveau financier par contre, l&rsquo;indemnit\u00e9 d&rsquo;un transfert bien n\u00e9goci\u00e9e pourrait atteindre les 3 millions d&rsquo;euros pour le RCL \u00e0 moins que la valeur du joueur n&rsquo;ait \u00e9t\u00e9 \u00e9galement modifi\u00e9e par cette affaire.<br><br>(*) Jean-K\u00e9vin Duverne a encore sept jours pour faire appel ou\/et porter l&rsquo;affaire au civil. Ce qu&rsquo;il devrait faire d\u00e8s lundi selon son avocat\u2026<\/p>\n","protected":false},"excerpt":{"rendered":"<p>L&rsquo;inverse aurait \u00e9t\u00e9 plut\u00f4t surprenant puisque la LFP avait elle m\u00eame auparavant enregistr\u00e9 l&rsquo;avenant \u00ab\u00a0pol\u00e9mique\u00a0\u00bb de la prolongation du contrat de Jean-K\u00e9vin Duverne mais c&rsquo;est maintenant officiel (*)\u2026 La commission juridique de la Ligue a reconnu que l&rsquo;avenant \u00e0 son contrat \u00e9tait valable et que le joueur, faute de preuve suffisante, \u00e9tait donc bien sous &hellip; <a href=\"https:\/\/www.sitercl.com\/News\/?p=1758\" class=\"more-link\">Continuer la lecture<span class=\"screen-reader-text\"> de &laquo;&nbsp;Jean-Kevin Duverne d\u00e9bout\u00e9&nbsp;&raquo;<\/span><\/a><\/p>\n","protected":false},"author":2,"featured_media":0,"comment_status":"closed","ping_status":"open","sticky":false,"template":"","format":"standard","meta":{"footnotes":""},"categories":[2],"tags":[68,100,114],"class_list":["post-1758","post","type-post","status-publish","format-standard","hentry","category-infos","tag-contrat","tag-duverne","tag-lfp"],"_links":{"self":[{"href":"https:\/\/www.sitercl.com\/News\/index.php?rest_route=\/wp\/v2\/posts\/1758","targetHints":{"allow":["GET"]}}],"collection":[{"href":"https:\/\/www.sitercl.com\/News\/index.php?rest_route=\/wp\/v2\/posts"}],"about":[{"href":"https:\/\/www.sitercl.com\/News\/index.php?rest_route=\/wp\/v2\/types\/post"}],"author":[{"embeddable":true,"href":"https:\/\/www.sitercl.com\/News\/index.php?rest_route=\/wp\/v2\/users\/2"}],"replies":[{"embeddable":true,"href":"https:\/\/www.sitercl.com\/News\/index.php?rest_route=%2Fwp%2Fv2%2Fcomments&post=1758"}],"version-history":[{"count":2,"href":"https:\/\/www.sitercl.com\/News\/index.php?rest_route=\/wp\/v2\/posts\/1758\/revisions"}],"predecessor-version":[{"id":1767,"href":"https:\/\/www.sitercl.com\/News\/index.php?rest_route=\/wp\/v2\/posts\/1758\/revisions\/1767"}],"wp:attachment":[{"href":"https:\/\/www.sitercl.com\/News\/index.php?rest_route=%2Fwp%2Fv2%2Fmedia&parent=1758"}],"wp:term":[{"taxonomy":"category","embeddable":true,"href":"https:\/\/www.sitercl.com\/News\/index.php?rest_route=%2Fwp%2Fv2%2Fcategories&post=1758"},{"taxonomy":"post_tag","embeddable":true,"href":"https:\/\/www.sitercl.com\/News\/index.php?rest_route=%2Fwp%2Fv2%2Ftags&post=1758"}],"curies":[{"name":"wp","href":"https:\/\/api.w.org\/{rel}","templated":true}]}}