{"id":17724,"date":"2026-08-31T21:15:56","date_gmt":"2026-08-31T19:15:56","guid":{"rendered":"https:\/\/www.sitercl.com\/News\/?p=17724"},"modified":"2026-08-31T21:15:56","modified_gmt":"2026-08-31T19:15:56","slug":"et-si-odonne-edouard-quittait-lens","status":"publish","type":"post","link":"https:\/\/www.sitercl.com\/News\/?p=17724","title":{"rendered":"Et si Odonne Edouard quittait Lens ?"},"content":{"rendered":"<div class=\"wp-block-image\">\n<figure class=\"alignright size-large\"><img decoding=\"async\" src=\"https:\/\/www.sitercl.com\/Fichejo\/E\/edouardo.gif\" alt=\"\"\/><\/figure>\n<\/div>\n\n\n<p class=\"wp-block-paragraph\">Samedi, Odsonne Edouard n&rsquo;\u00e9tait pas pr\u00e9sent dans le groupe Sang et Or pour la rencontre de championnat face \u00e0 Strasbourg (2-1) pour raison familliale. Rien \u00e0 voir avec un d\u00e9part possible du RC Lens malgr\u00e9 pourtant une rumeur qui l&rsquo;envoie \u00e0 Rennes avant la fin du mercato ce mardi 1er septembre \u00e0 20 heures. Et en effet, <em>le Parisien<\/em>, qui est \u00e0 l&rsquo;origine de celle-ci indique que c&rsquo;est seulement dimanche soir que le club breton a activ\u00e9 cette piste ! Une piste fran\u00e7aise au cas o\u00f9 l\u2019attaquant de la Lazio Rome, Boulaye Dia, ne pouvait pas venir sous la forme d\u2019un pr\u00eat avec option d\u2019achat.<br>Reste maintenant \u00e0 conna\u00eetre la position du club art\u00e9sien qui n&rsquo;aurait vraiment pas beaucoup de temps pour lui trouver un rempla\u00e7ant et qui n&rsquo;y gagnerait pas non plus grand chose cette saison puisque la demande du Stade Rennais serait un pr\u00eat payant avec option d\u2019achat&#8230;<\/p>\n","protected":false},"excerpt":{"rendered":"<p>Samedi, Odsonne Edouard n&rsquo;\u00e9tait pas pr\u00e9sent dans le groupe Sang et Or pour la rencontre de championnat face \u00e0 Strasbourg (2-1) pour raison familliale. Rien \u00e0 voir avec un d\u00e9part possible du RC Lens malgr\u00e9 pourtant une rumeur qui l&rsquo;envoie \u00e0 Rennes avant la fin du mercato ce mardi 1er septembre \u00e0 20 heures. Et &hellip; <a href=\"https:\/\/www.sitercl.com\/News\/?p=17724\" class=\"more-link\">Continuer la lecture<span class=\"screen-reader-text\"> de &laquo;&nbsp;Et si Odonne Edouard quittait Lens ?&nbsp;&raquo;<\/span><\/a><\/p>\n","protected":false},"author":2,"featured_media":0,"comment_status":"closed","ping_status":"open","sticky":false,"template":"","format":"standard","meta":{"footnotes":""},"categories":[2],"tags":[756,64,348],"class_list":["post-17724","post","type-post","status-publish","format-standard","hentry","category-infos","tag-edouard","tag-mercato","tag-rennes"],"_links":{"self":[{"href":"https:\/\/www.sitercl.com\/News\/index.php?rest_route=\/wp\/v2\/posts\/17724","targetHints":{"allow":["GET"]}}],"collection":[{"href":"https:\/\/www.sitercl.com\/News\/index.php?rest_route=\/wp\/v2\/posts"}],"about":[{"href":"https:\/\/www.sitercl.com\/News\/index.php?rest_route=\/wp\/v2\/types\/post"}],"author":[{"embeddable":true,"href":"https:\/\/www.sitercl.com\/News\/index.php?rest_route=\/wp\/v2\/users\/2"}],"replies":[{"embeddable":true,"href":"https:\/\/www.sitercl.com\/News\/index.php?rest_route=%2Fwp%2Fv2%2Fcomments&post=17724"}],"version-history":[{"count":1,"href":"https:\/\/www.sitercl.com\/News\/index.php?rest_route=\/wp\/v2\/posts\/17724\/revisions"}],"predecessor-version":[{"id":17725,"href":"https:\/\/www.sitercl.com\/News\/index.php?rest_route=\/wp\/v2\/posts\/17724\/revisions\/17725"}],"wp:attachment":[{"href":"https:\/\/www.sitercl.com\/News\/index.php?rest_route=%2Fwp%2Fv2%2Fmedia&parent=17724"}],"wp:term":[{"taxonomy":"category","embeddable":true,"href":"https:\/\/www.sitercl.com\/News\/index.php?rest_route=%2Fwp%2Fv2%2Fcategories&post=17724"},{"taxonomy":"post_tag","embeddable":true,"href":"https:\/\/www.sitercl.com\/News\/index.php?rest_route=%2Fwp%2Fv2%2Ftags&post=17724"}],"curies":[{"name":"wp","href":"https:\/\/api.w.org\/{rel}","templated":true}]}}