{"id":17730,"date":"2026-09-01T20:29:28","date_gmt":"2026-09-01T18:29:28","guid":{"rendered":"https:\/\/www.sitercl.com\/News\/?p=17730"},"modified":"2026-09-01T20:29:28","modified_gmt":"2026-09-01T18:29:28","slug":"larbitre-de-lens-lorient-3","status":"publish","type":"post","link":"https:\/\/www.sitercl.com\/News\/?p=17730","title":{"rendered":"L&rsquo;arbitre de Lens &#8211; Lorient"},"content":{"rendered":"<div class=\"wp-block-image\">\n<figure class=\"alignright size-full\"><img loading=\"lazy\" decoding=\"async\" width=\"130\" height=\"130\" src=\"https:\/\/www.sitercl.com\/News\/wp-content\/uploads\/2018\/12\/sifflet.jpg\" alt=\"\" class=\"wp-image-270\"\/><\/figure>\n<\/div>\n\n\n<p class=\"wp-block-paragraph\">Les arbitres de la 3e journ\u00e9e de Ligue 1 McDonald&rsquo;s sont connus. C&rsquo;est M. \u00c9ric WATTELLIER qui a \u00e9t\u00e9 d\u00e9sign\u00e9 pour le match entre le RC Lens et le FC Lorient qui se jouera \u00e0 Bollaert-Delelis ce samedi 5 septembre \u00e0 partir de 17h15.<\/p>\n\n\n\n<p class=\"wp-block-paragraph\">M. \u00c9ric WATTELLIER est n\u00e9 le 7 septembre 1987 (38 ans). Il a fait ses d\u00e9buts en premi\u00e8re division le\u00a018 ao\u00fbt 2018. Il sera assist\u00e9 ce samedi par Mehdi RAHMOUNI et Mika\u00ebl BERCHEBRU sur les lignes de touches. Le 4e arbitre sera Antoine VALNET et les arbitres assistants vid\u00e9o seront Willy DELAJOD et William LAVIS.<\/p>\n\n\n\n<p class=\"wp-block-paragraph\">Il a arbitr\u00e9 cette saison la rencontre entre Lille et le PSG de la semaine derni\u00e8re (2-2, 3 cartons jaunes) avec cette petite pol\u00e9mique sur le temps additionnel ajout\u00e9 qui avait permis au club parisien de revenir \u00e0 \u00e9galit\u00e9. Il s&rsquo;\u00e9tait ensuite expliqu\u00e9 en indiquant que puisqu&rsquo;il y avait eu un but, il fallait rajouter une minute.<\/p>\n\n\n\n<p class=\"wp-block-paragraph\">La saison pass\u00e9e, il avait offici\u00e9 lors du derby victorieux des Sang et Or \u00e0 Bollaert-Delelis contre le LOSC (5e journ\u00e9e, <a href=\"https:\/\/www.sitercl.com\/Matches\/2025-26\/Champion\/Domicile\/lilleosc.htm\">3-0<\/a>).<\/p>\n","protected":false},"excerpt":{"rendered":"<p>Les arbitres de la 3e journ\u00e9e de Ligue 1 McDonald&rsquo;s sont connus. C&rsquo;est M. \u00c9ric WATTELLIER qui a \u00e9t\u00e9 d\u00e9sign\u00e9 pour le match entre le RC Lens et le FC Lorient qui se jouera \u00e0 Bollaert-Delelis ce samedi 5 septembre \u00e0 partir de 17h15. M. \u00c9ric WATTELLIER est n\u00e9 le 7 septembre 1987 (38 ans). &hellip; <a href=\"https:\/\/www.sitercl.com\/News\/?p=17730\" class=\"more-link\">Continuer la lecture<span class=\"screen-reader-text\"> de &laquo;&nbsp;L&rsquo;arbitre de Lens &#8211; Lorient&nbsp;&raquo;<\/span><\/a><\/p>\n","protected":false},"author":2,"featured_media":0,"comment_status":"closed","ping_status":"open","sticky":false,"template":"","format":"standard","meta":{"footnotes":""},"categories":[2],"tags":[53,151,40],"class_list":["post-17730","post","type-post","status-publish","format-standard","hentry","category-infos","tag-arbitre","tag-ligue-1","tag-lorient"],"_links":{"self":[{"href":"https:\/\/www.sitercl.com\/News\/index.php?rest_route=\/wp\/v2\/posts\/17730","targetHints":{"allow":["GET"]}}],"collection":[{"href":"https:\/\/www.sitercl.com\/News\/index.php?rest_route=\/wp\/v2\/posts"}],"about":[{"href":"https:\/\/www.sitercl.com\/News\/index.php?rest_route=\/wp\/v2\/types\/post"}],"author":[{"embeddable":true,"href":"https:\/\/www.sitercl.com\/News\/index.php?rest_route=\/wp\/v2\/users\/2"}],"replies":[{"embeddable":true,"href":"https:\/\/www.sitercl.com\/News\/index.php?rest_route=%2Fwp%2Fv2%2Fcomments&post=17730"}],"version-history":[{"count":1,"href":"https:\/\/www.sitercl.com\/News\/index.php?rest_route=\/wp\/v2\/posts\/17730\/revisions"}],"predecessor-version":[{"id":17731,"href":"https:\/\/www.sitercl.com\/News\/index.php?rest_route=\/wp\/v2\/posts\/17730\/revisions\/17731"}],"wp:attachment":[{"href":"https:\/\/www.sitercl.com\/News\/index.php?rest_route=%2Fwp%2Fv2%2Fmedia&parent=17730"}],"wp:term":[{"taxonomy":"category","embeddable":true,"href":"https:\/\/www.sitercl.com\/News\/index.php?rest_route=%2Fwp%2Fv2%2Fcategories&post=17730"},{"taxonomy":"post_tag","embeddable":true,"href":"https:\/\/www.sitercl.com\/News\/index.php?rest_route=%2Fwp%2Fv2%2Ftags&post=17730"}],"curies":[{"name":"wp","href":"https:\/\/api.w.org\/{rel}","templated":true}]}}