{"id":17736,"date":"2026-09-02T21:43:17","date_gmt":"2026-09-02T19:43:17","guid":{"rendered":"https:\/\/www.sitercl.com\/News\/?p=17736"},"modified":"2026-09-02T21:43:17","modified_gmt":"2026-09-02T19:43:17","slug":"les-derniers-mouvements-du-mercato","status":"publish","type":"post","link":"https:\/\/www.sitercl.com\/News\/?p=17736","title":{"rendered":"Les derniers mouvements du mercato"},"content":{"rendered":"<div class=\"wp-block-image\">\n<figure class=\"alignright size-full\"><img loading=\"lazy\" decoding=\"async\" width=\"180\" height=\"150\" src=\"https:\/\/www.sitercl.com\/News\/wp-content\/uploads\/2018\/12\/transfer.jpg\" alt=\"\" class=\"wp-image-374\"\/><\/figure>\n<\/div>\n\n\n<p class=\"wp-block-paragraph\">A moins d&rsquo;un d\u00e9part vers un championnat \u00e9tranger o\u00f9 le mercato n&rsquo;est pas encore fini, le RC Lens a termin\u00e9 sa p\u00e9riode de transferts estivale depuis mardi soir 20h00. Les derniers jours ont vu la confirmation du pr\u00eat pour cette saison de Rayan Fofana au HAC, les arriv\u00e9es de Junior Kadile du Servette FC et de Jean-Clair Todibo, tous les deux sous la forme d&rsquo;un pr\u00eat avec toutefois une option d&rsquo;achat pour le premier.<br>Le club a \u00e9galement annonc\u00e9 le d\u00e9part du\u00a0milieu de terrain lensois\u00a0Alpha Diallo\u00a0(20 ans) pour Laval (L2). Arriv\u00e9 libre en 2024 apr\u00e8s la faillite des Girondins de Bordeaux, il n&rsquo;a finalement jamais jou\u00e9 en match officiel de l&rsquo;\u00e9quipe premi\u00e8re.<\/p>\n","protected":false},"excerpt":{"rendered":"<p>A moins d&rsquo;un d\u00e9part vers un championnat \u00e9tranger o\u00f9 le mercato n&rsquo;est pas encore fini, le RC Lens a termin\u00e9 sa p\u00e9riode de transferts estivale depuis mardi soir 20h00. Les derniers jours ont vu la confirmation du pr\u00eat pour cette saison de Rayan Fofana au HAC, les arriv\u00e9es de Junior Kadile du Servette FC et &hellip; <a href=\"https:\/\/www.sitercl.com\/News\/?p=17736\" class=\"more-link\">Continuer la lecture<span class=\"screen-reader-text\"> de &laquo;&nbsp;Les derniers mouvements du mercato&nbsp;&raquo;<\/span><\/a><\/p>\n","protected":false},"author":2,"featured_media":0,"comment_status":"closed","ping_status":"open","sticky":false,"template":"","format":"standard","meta":{"footnotes":""},"categories":[2],"tags":[679,692,809,64,198,810,58],"class_list":["post-17736","post","type-post","status-publish","format-standard","hentry","category-infos","tag-diallo-a","tag-fofana-r","tag-kadile","tag-mercato","tag-pret","tag-todibo","tag-transfert"],"_links":{"self":[{"href":"https:\/\/www.sitercl.com\/News\/index.php?rest_route=\/wp\/v2\/posts\/17736","targetHints":{"allow":["GET"]}}],"collection":[{"href":"https:\/\/www.sitercl.com\/News\/index.php?rest_route=\/wp\/v2\/posts"}],"about":[{"href":"https:\/\/www.sitercl.com\/News\/index.php?rest_route=\/wp\/v2\/types\/post"}],"author":[{"embeddable":true,"href":"https:\/\/www.sitercl.com\/News\/index.php?rest_route=\/wp\/v2\/users\/2"}],"replies":[{"embeddable":true,"href":"https:\/\/www.sitercl.com\/News\/index.php?rest_route=%2Fwp%2Fv2%2Fcomments&post=17736"}],"version-history":[{"count":1,"href":"https:\/\/www.sitercl.com\/News\/index.php?rest_route=\/wp\/v2\/posts\/17736\/revisions"}],"predecessor-version":[{"id":17737,"href":"https:\/\/www.sitercl.com\/News\/index.php?rest_route=\/wp\/v2\/posts\/17736\/revisions\/17737"}],"wp:attachment":[{"href":"https:\/\/www.sitercl.com\/News\/index.php?rest_route=%2Fwp%2Fv2%2Fmedia&parent=17736"}],"wp:term":[{"taxonomy":"category","embeddable":true,"href":"https:\/\/www.sitercl.com\/News\/index.php?rest_route=%2Fwp%2Fv2%2Fcategories&post=17736"},{"taxonomy":"post_tag","embeddable":true,"href":"https:\/\/www.sitercl.com\/News\/index.php?rest_route=%2Fwp%2Fv2%2Ftags&post=17736"}],"curies":[{"name":"wp","href":"https:\/\/api.w.org\/{rel}","templated":true}]}}