{"id":17738,"date":"2026-09-02T22:03:38","date_gmt":"2026-09-02T20:03:38","guid":{"rendered":"https:\/\/www.sitercl.com\/News\/?p=17738"},"modified":"2026-09-02T22:03:38","modified_gmt":"2026-09-02T20:03:38","slug":"ldc-une-mini-serie-sur-le-rc-lens","status":"publish","type":"post","link":"https:\/\/www.sitercl.com\/News\/?p=17738","title":{"rendered":"LdC : une mini-s\u00e9rie sur le RC Lens"},"content":{"rendered":"<div class=\"wp-block-image\">\n<figure class=\"alignright size-full\"><img loading=\"lazy\" decoding=\"async\" width=\"230\" height=\"161\" src=\"https:\/\/www.sitercl.com\/News\/wp-content\/uploads\/2018\/12\/camera.gif\" alt=\"\" class=\"wp-image-241\"\/><\/figure>\n<\/div>\n\n\n<p class=\"wp-block-paragraph\">\u00c0 l&rsquo;occasion de la Rentr\u00e9e des Sports de Canal+, la cha\u00eene crypt\u00e9e\u00a0a indiqu\u00e9 que pour le retour du RCL en Ligue des Champions, elle allait produire une s\u00e9rie documentaire sur les coulisses du club dans cette comp\u00e9tition et qui sera d\u00e9clin\u00e9e en plusieurs \u00e9pisodes durant la saison.<br>Rappel, l&rsquo;ensemble des rencontres de la Ligue des Champions est diffus\u00e9 sur les diff\u00e9rentes cha\u00eenes de Canal.<\/p>\n","protected":false},"excerpt":{"rendered":"<p>\u00c0 l&rsquo;occasion de la Rentr\u00e9e des Sports de Canal+, la cha\u00eene crypt\u00e9e\u00a0a indiqu\u00e9 que pour le retour du RCL en Ligue des Champions, elle allait produire une s\u00e9rie documentaire sur les coulisses du club dans cette comp\u00e9tition et qui sera d\u00e9clin\u00e9e en plusieurs \u00e9pisodes durant la saison.Rappel, l&rsquo;ensemble des rencontres de la Ligue des Champions &hellip; <a href=\"https:\/\/www.sitercl.com\/News\/?p=17738\" class=\"more-link\">Continuer la lecture<span class=\"screen-reader-text\"> de &laquo;&nbsp;LdC : une mini-s\u00e9rie sur le RC Lens&nbsp;&raquo;<\/span><\/a><\/p>\n","protected":false},"author":2,"featured_media":0,"comment_status":"closed","ping_status":"open","sticky":false,"template":"","format":"standard","meta":{"footnotes":""},"categories":[2],"tags":[367,584,38],"class_list":["post-17738","post","type-post","status-publish","format-standard","hentry","category-infos","tag-canal","tag-ligue-des-champions","tag-tv"],"_links":{"self":[{"href":"https:\/\/www.sitercl.com\/News\/index.php?rest_route=\/wp\/v2\/posts\/17738","targetHints":{"allow":["GET"]}}],"collection":[{"href":"https:\/\/www.sitercl.com\/News\/index.php?rest_route=\/wp\/v2\/posts"}],"about":[{"href":"https:\/\/www.sitercl.com\/News\/index.php?rest_route=\/wp\/v2\/types\/post"}],"author":[{"embeddable":true,"href":"https:\/\/www.sitercl.com\/News\/index.php?rest_route=\/wp\/v2\/users\/2"}],"replies":[{"embeddable":true,"href":"https:\/\/www.sitercl.com\/News\/index.php?rest_route=%2Fwp%2Fv2%2Fcomments&post=17738"}],"version-history":[{"count":1,"href":"https:\/\/www.sitercl.com\/News\/index.php?rest_route=\/wp\/v2\/posts\/17738\/revisions"}],"predecessor-version":[{"id":17739,"href":"https:\/\/www.sitercl.com\/News\/index.php?rest_route=\/wp\/v2\/posts\/17738\/revisions\/17739"}],"wp:attachment":[{"href":"https:\/\/www.sitercl.com\/News\/index.php?rest_route=%2Fwp%2Fv2%2Fmedia&parent=17738"}],"wp:term":[{"taxonomy":"category","embeddable":true,"href":"https:\/\/www.sitercl.com\/News\/index.php?rest_route=%2Fwp%2Fv2%2Fcategories&post=17738"},{"taxonomy":"post_tag","embeddable":true,"href":"https:\/\/www.sitercl.com\/News\/index.php?rest_route=%2Fwp%2Fv2%2Ftags&post=17738"}],"curies":[{"name":"wp","href":"https:\/\/api.w.org\/{rel}","templated":true}]}}