{"id":17742,"date":"2026-09-04T19:41:32","date_gmt":"2026-09-04T17:41:32","guid":{"rendered":"https:\/\/www.sitercl.com\/News\/?p=17742"},"modified":"2026-09-04T20:39:58","modified_gmt":"2026-09-04T18:39:58","slug":"revue-du-web-lens-lorient-4","status":"publish","type":"post","link":"https:\/\/www.sitercl.com\/News\/?p=17742","title":{"rendered":"Revue du Web : Lens &#8211; Lorient"},"content":{"rendered":"<div class=\"wp-block-image\">\n<figure class=\"alignright size-full\"><img loading=\"lazy\" decoding=\"async\" width=\"150\" height=\"106\" src=\"https:\/\/www.sitercl.com\/News\/wp-content\/uploads\/2019\/01\/clavball.png\" alt=\"\" class=\"wp-image-587\"\/><\/figure>\n<\/div>\n\n\n<p class=\"wp-block-paragraph\">Retrouvez une s\u00e9lection d&rsquo;articles du Web sur le match de championnat de Ligue 1 McDonald&rsquo;s saison 2026\/2027 entre le RC Lens  et le FC Lorient&#8230;<\/p>\n\n\n<div class=\"wp-block-image\">\n<figure class=\"aligncenter size-full\"><img loading=\"lazy\" decoding=\"async\" width=\"173\" height=\"2\" src=\"https:\/\/www.sitercl.com\/News\/wp-content\/uploads\/2022\/03\/NAVIsep3.gif\" alt=\"\" class=\"wp-image-7319\"\/><\/figure>\n<\/div>\n\n\n<p class=\"wp-block-paragraph\"><strong><em>Avant match&#8230;<\/em><\/strong><br><br><b>www.lavoixdunord.fr<\/b> :<br>-04\/09\/2026 <a href=\"https:\/\/www.lavoixdunord.fr\/1734460\/article\/2026-09-04\/lens-lorient-le-grand-retour-de-la-perceuse-jonathan-gradit-dans-le-groupe\" target=\"_blank\" rel=\"noopener\">Lens &#8211; Lorient : le grand retour de la \u00ab perceuse \u00bb, Jonathan Gradit dans le groupe<\/a><br>-03\/09\/2026 <a href=\"https:\/\/www.lavoixdunord.fr\/1734023\/article\/2026-09-03\/lens-lorient-edouard-todibo-et-kadile-aptes-nawrocki-et-abdulhamid-out\" target=\"_blank\" rel=\"noopener\">Lens \u2013 Lorient : Edouard, Todibo et Kadile aptes, Nawrocki et Abdulhamid out<\/a><br>-03\/09\/2026 <a href=\"https:\/\/www.lavoixdunord.fr\/1734040\/article\/2026-09-03\/rc-lens-voulait-un-gaucher-mais-quand-la-porte-s-est-ouverte-pour-todibo-fonce\" target=\"_blank\" rel=\"noopener\">RC Lens : \u00ab On voulait un gaucher, mais quand la porte s\u2019est ouverte pour Todibo, on a fonc\u00e9 \u00bb<\/a><br>-03\/09\/2026 <a href=\"https:\/\/www.lavoixdunord.fr\/1733987\/article\/2026-09-03\/rc-lens-maik-nawrocki-touche-au-genou-nouveau-coup-dur-pour-la-defense-sang-et\" target=\"_blank\" rel=\"noopener\">RC Lens : Maik Nawrocki touch\u00e9 au genou, nouveau coup dur pour la d\u00e9fense sang et or<\/a><br><br><b>www.lequipe.fr<\/b> :<br>-03\/09\/2026 <a href=\"https:\/\/www.lequipe.fr\/Football\/Actualites\/Saud-abdulhamid-toujours-absent-pour-lens-lorient-en-ligue-1-jean-clair-todibo-un-peu-court-vers-un-retour-de-jonathan-gradit\/1715729\" target=\"_blank\" rel=\"noopener\">Saud Abdulhamid toujours absent pour Lens-Lorient en Ligue 1, Jean-Clair Todibo un peu court, vers un retour de Jonathan Gradit<\/a><br>-03\/09\/2026 <a href=\"https:\/\/www.lequipe.fr\/Football\/Actualites\/Ismaelo-ganiou-defenseur-du-rc-lens-sur-sa-prolongation-j-avais-encore-une-histoire-a-ecrire-ici\/1715730\" target=\"_blank\" rel=\"noopener\">Isma\u00eblo Ganiou, d\u00e9fenseur du RC Lens sur sa prolongation : \u00ab J&rsquo;avais encore une histoire \u00e0 \u00e9crire ici \u00bb<\/a><br>-03\/09\/2026 <a href=\"https:\/\/www.lequipe.fr\/Football\/Actualites\/Recrute-cet-ete-le-defenseur-polonais-du-rc-lens-maik-nawrocki-gravement-blesse-a-un-genou-et-absent-six-mois\/1715680\" target=\"_blank\" rel=\"noopener\">Recrut\u00e9 cet \u00e9t\u00e9, le d\u00e9fenseur polonais du RC Lens Maik Nawrocki gravement bless\u00e9 \u00e0 un genou et absent six mois<\/a><br>-01\/09\/2026 <a href=\"https:\/\/www.lequipe.fr\/Football\/Actualites\/Mercato-apres-son-debut-de-saison-canon-en-ligue-2-ibrahima-balde-retrouve-la-ligue-1-en-signant-a-lorient\/1715347\" target=\"_blank\" rel=\"noopener\">Mercato : apr\u00e8s son d\u00e9but de saison canon en Ligue 2, Ibrahima Bald\u00e9 retrouve la Ligue 1 en signant \u00e0 Lorient<\/a><br>-31\/08\/2026 <a href=\"https:\/\/www.lequipe.fr\/Football\/Actualites\/Le-president-du-rc-lens-joseph-oughourlian-annonce-l-arrivee-de-deux-nouveaux-actionnaires-minoritaires\/1714984\" target=\"_blank\" rel=\"noopener\">Le pr\u00e9sident du RC Lens, Joseph Oughourlian, annonce l&rsquo;arriv\u00e9e de deux nouveaux actionnaires minoritaires<\/a><br><br><b>www.footmercato.net<\/b> :<br>-03\/09\/2026 <a href=\"https:\/\/www.footmercato.net\/a4799316805118644400-le-rc-lens-a-sacrifie-un-transfert-pour-investir-7-millions-deuros-dans-la-gaillette\" target=\"_blank\" rel=\"noopener\">Le RC Lens a \u00ab sacrifi\u00e9 \u00bb un transfert pour investir 7 millions d\u2019euros dans la Gaillette<\/a><br><br><b>www.eurosport.fr<\/b> :<br>-04\/09\/2026 <a href=\"https:\/\/www.eurosport.fr\/paris-sportifs\/pronostics\/lens-lorient-pronostics-conseils-et-cotes-ligue-1\/\" target=\"_blank\" rel=\"noopener\">Lens &#8211; Lorient | Pronostics, conseils et cotes | Ligue 1<\/a><br><br><b>sportune.20minutes.fr<\/b> :<br>-03\/09\/2026 <a href=\"https:\/\/sportune.20minutes.fr\/business\/om-psg-rc-lens-losc-ol-apres-le-mercato-prediction-du-classement-final-de-la-ligue-1-selon-opta-410050\" target=\"_blank\" rel=\"noopener\">Apr\u00e8s le mercato, pr\u00e9diction du classement final de la Ligue 1 selon Opta<\/a><br><br><b>www.ouest-france.fr<\/b> :<br>-04\/09\/2026 <a href=\"https:\/\/www.ouest-france.fr\/sport\/football\/fc-lorient\/video-fc-lorient-avant-lens-lentraineur-alexandre-dujeux-fait-le-point-sur-letat-de-forme-des-recrues-lorientaises-ef71e17a-4311-4064-9bfc-f8e74e7367a9\" target=\"_blank\" rel=\"noopener\">VID\u00c9O FC Lorient. Avant Lens, l\u2019entra\u00eeneur Alexandre Dujeux fait le point sur l\u2019\u00e9tat de forme des recrues lorientaises<\/a><br>-02\/09\/2026 <a href=\"https:\/\/www.ouest-france.fr\/sport\/football\/fc-lorient\/mercato-fc-lorient-arrivees-departs-tous-les-mouvements-de-lintersaison-des-merlus-19a530c8-a6bd-11f1-95a1-d7cb1b3759ac\" target=\"_blank\" rel=\"noopener\">Mercato FC Lorient. Arriv\u00e9es, d\u00e9parts\u2026 Tous les mouvements de l\u2019intersaison des Merlus<\/a><\/p>\n","protected":false},"excerpt":{"rendered":"<p>Retrouvez une s\u00e9lection d&rsquo;articles du Web sur le match de championnat de Ligue 1 McDonald&rsquo;s saison 2026\/2027 entre le RC Lens et le FC Lorient&#8230; Avant match&#8230; www.lavoixdunord.fr :-04\/09\/2026 Lens &#8211; Lorient : le grand retour de la \u00ab perceuse \u00bb, Jonathan Gradit dans le groupe-03\/09\/2026 Lens \u2013 Lorient : Edouard, Todibo et Kadile aptes, &hellip; <a href=\"https:\/\/www.sitercl.com\/News\/?p=17742\" class=\"more-link\">Continuer la lecture<span class=\"screen-reader-text\"> de &laquo;&nbsp;Revue du Web : Lens &#8211; Lorient&nbsp;&raquo;<\/span><\/a><\/p>\n","protected":false},"author":2,"featured_media":0,"comment_status":"closed","ping_status":"open","sticky":false,"template":"","format":"standard","meta":{"footnotes":""},"categories":[6],"tags":[13,151,40],"class_list":["post-17742","post","type-post","status-publish","format-standard","hentry","category-revue-du-web","tag-internet","tag-ligue-1","tag-lorient"],"_links":{"self":[{"href":"https:\/\/www.sitercl.com\/News\/index.php?rest_route=\/wp\/v2\/posts\/17742","targetHints":{"allow":["GET"]}}],"collection":[{"href":"https:\/\/www.sitercl.com\/News\/index.php?rest_route=\/wp\/v2\/posts"}],"about":[{"href":"https:\/\/www.sitercl.com\/News\/index.php?rest_route=\/wp\/v2\/types\/post"}],"author":[{"embeddable":true,"href":"https:\/\/www.sitercl.com\/News\/index.php?rest_route=\/wp\/v2\/users\/2"}],"replies":[{"embeddable":true,"href":"https:\/\/www.sitercl.com\/News\/index.php?rest_route=%2Fwp%2Fv2%2Fcomments&post=17742"}],"version-history":[{"count":4,"href":"https:\/\/www.sitercl.com\/News\/index.php?rest_route=\/wp\/v2\/posts\/17742\/revisions"}],"predecessor-version":[{"id":17758,"href":"https:\/\/www.sitercl.com\/News\/index.php?rest_route=\/wp\/v2\/posts\/17742\/revisions\/17758"}],"wp:attachment":[{"href":"https:\/\/www.sitercl.com\/News\/index.php?rest_route=%2Fwp%2Fv2%2Fmedia&parent=17742"}],"wp:term":[{"taxonomy":"category","embeddable":true,"href":"https:\/\/www.sitercl.com\/News\/index.php?rest_route=%2Fwp%2Fv2%2Fcategories&post=17742"},{"taxonomy":"post_tag","embeddable":true,"href":"https:\/\/www.sitercl.com\/News\/index.php?rest_route=%2Fwp%2Fv2%2Ftags&post=17742"}],"curies":[{"name":"wp","href":"https:\/\/api.w.org\/{rel}","templated":true}]}}