{"id":17770,"date":"2026-09-06T13:04:23","date_gmt":"2026-09-06T11:04:23","guid":{"rendered":"https:\/\/www.sitercl.com\/News\/?p=17770"},"modified":"2026-09-06T13:04:23","modified_gmt":"2026-09-06T11:04:23","slug":"deux-nouvelles-sorties-sur-blessure","status":"publish","type":"post","link":"https:\/\/www.sitercl.com\/News\/?p=17770","title":{"rendered":"Deux nouvelles sorties sur blessure"},"content":{"rendered":"<div class=\"wp-block-image\">\n<figure class=\"alignright size-full is-resized\"><img loading=\"lazy\" decoding=\"async\" width=\"253\" height=\"338\" src=\"https:\/\/www.sitercl.com\/News\/wp-content\/uploads\/2018\/12\/infirmerie.jpg\" alt=\"\" class=\"wp-image-214\" style=\"width:100px;height:auto\" srcset=\"https:\/\/www.sitercl.com\/News\/wp-content\/uploads\/2018\/12\/infirmerie.jpg 253w, https:\/\/www.sitercl.com\/News\/wp-content\/uploads\/2018\/12\/infirmerie-225x300.jpg 225w\" sizes=\"auto, (max-width: 253px) 85vw, 253px\" \/><\/figure>\n<\/div>\n\n\n<p class=\"wp-block-paragraph\">En plus d&rsquo;une d\u00e9faite (0-1), la rencontre de la 3e journ\u00e9e de championnat face \u00e0 Lorient pourrait laisser des traces dans l&rsquo;effectif art\u00e9sien pour le d\u00e9placement de jeudi \u00e0 Prague en Ligue des Champions.<br>En effet, Matthieu Udol et Yacine Titraoui ont d\u00fb sortir sur blessure durant le match. Si pour le d\u00e9fenseur, il est encore trop t\u00f4t pour savoir s&rsquo;il pourra tenir ou pas sa place jeudi (il souffre d&rsquo;une b\u00e9quille), pour le milieu de terrain alg\u00e9rien, son forfait est d\u00e8s \u00e0 pr\u00e9sent tr\u00e8s probable (douleur \u00e0 l\u2019ischio jambier).<br>Rappel, la d\u00e9fense art\u00e9sienne est d\u00e9j\u00e0 tr\u00e8s diminu\u00e9e avec les blessures de Abdulhamid, Baidoo\u00a0et Nawrocki. Jean-Clair Todibo pourra faire certainement son entr\u00e9e ce jeudi dans le groupe mais il n&rsquo;est pas \u00e0 100% de sa forme et risque de ne pas pouvoir tenir toute une rencontre.<\/p>\n","protected":false},"excerpt":{"rendered":"<p>En plus d&rsquo;une d\u00e9faite (0-1), la rencontre de la 3e journ\u00e9e de championnat face \u00e0 Lorient pourrait laisser des traces dans l&rsquo;effectif art\u00e9sien pour le d\u00e9placement de jeudi \u00e0 Prague en Ligue des Champions.En effet, Matthieu Udol et Yacine Titraoui ont d\u00fb sortir sur blessure durant le match. Si pour le d\u00e9fenseur, il est encore &hellip; <a href=\"https:\/\/www.sitercl.com\/News\/?p=17770\" class=\"more-link\">Continuer la lecture<span class=\"screen-reader-text\"> de &laquo;&nbsp;Deux nouvelles sorties sur blessure&nbsp;&raquo;<\/span><\/a><\/p>\n","protected":false},"author":2,"featured_media":0,"comment_status":"closed","ping_status":"open","sticky":false,"template":"","format":"standard","meta":{"footnotes":""},"categories":[2],"tags":[47,801,730],"class_list":["post-17770","post","type-post","status-publish","format-standard","hentry","category-infos","tag-infirmerie","tag-titraoui","tag-udol"],"_links":{"self":[{"href":"https:\/\/www.sitercl.com\/News\/index.php?rest_route=\/wp\/v2\/posts\/17770","targetHints":{"allow":["GET"]}}],"collection":[{"href":"https:\/\/www.sitercl.com\/News\/index.php?rest_route=\/wp\/v2\/posts"}],"about":[{"href":"https:\/\/www.sitercl.com\/News\/index.php?rest_route=\/wp\/v2\/types\/post"}],"author":[{"embeddable":true,"href":"https:\/\/www.sitercl.com\/News\/index.php?rest_route=\/wp\/v2\/users\/2"}],"replies":[{"embeddable":true,"href":"https:\/\/www.sitercl.com\/News\/index.php?rest_route=%2Fwp%2Fv2%2Fcomments&post=17770"}],"version-history":[{"count":1,"href":"https:\/\/www.sitercl.com\/News\/index.php?rest_route=\/wp\/v2\/posts\/17770\/revisions"}],"predecessor-version":[{"id":17771,"href":"https:\/\/www.sitercl.com\/News\/index.php?rest_route=\/wp\/v2\/posts\/17770\/revisions\/17771"}],"wp:attachment":[{"href":"https:\/\/www.sitercl.com\/News\/index.php?rest_route=%2Fwp%2Fv2%2Fmedia&parent=17770"}],"wp:term":[{"taxonomy":"category","embeddable":true,"href":"https:\/\/www.sitercl.com\/News\/index.php?rest_route=%2Fwp%2Fv2%2Fcategories&post=17770"},{"taxonomy":"post_tag","embeddable":true,"href":"https:\/\/www.sitercl.com\/News\/index.php?rest_route=%2Fwp%2Fv2%2Ftags&post=17770"}],"curies":[{"name":"wp","href":"https:\/\/api.w.org\/{rel}","templated":true}]}}