{"id":1847,"date":"2019-09-02T23:05:54","date_gmt":"2019-09-02T21:05:54","guid":{"rendered":"https:\/\/www.sitercl.com\/News\/?p=1847"},"modified":"2019-09-02T23:05:54","modified_gmt":"2019-09-02T21:05:54","slug":"duverne-finalement-a-brest","status":"publish","type":"post","link":"https:\/\/www.sitercl.com\/News\/?p=1847","title":{"rendered":"Duverne finalement \u00e0 Brest"},"content":{"rendered":"\n<div class=\"wp-block-image\"><figure class=\"alignright\"><img decoding=\"async\" src=\"https:\/\/www.sitercl.com\/Fichejo\/D\/duvernej.gif\" alt=\"\"\/><\/figure><\/div>\n\n\n\n<p>Alors que ces <a href=\"https:\/\/www.sitercl.com\/News\/?post_type=post&amp;p=1838\">derni\u00e8res heures<\/a> on parlait plut\u00f4t d&rsquo;un d\u00e9part vers Nantes, c&rsquo;est finalement le Stade Brestois qui r\u00e9cup\u00e8re le lensois Jean-K\u00e9vin Duverne. Le d\u00e9fenseur central de 22 ans y a sign\u00e9 pour quatre ans\u2026<\/p>\n","protected":false},"excerpt":{"rendered":"<p>Alors que ces derni\u00e8res heures on parlait plut\u00f4t d&rsquo;un d\u00e9part vers Nantes, c&rsquo;est finalement le Stade Brestois qui r\u00e9cup\u00e8re le lensois Jean-K\u00e9vin Duverne. Le d\u00e9fenseur central de 22 ans y a sign\u00e9 pour quatre ans\u2026<\/p>\n","protected":false},"author":2,"featured_media":0,"comment_status":"closed","ping_status":"open","sticky":false,"template":"","format":"standard","meta":{"footnotes":""},"categories":[2],"tags":[23,100,64,58],"class_list":["post-1847","post","type-post","status-publish","format-standard","hentry","category-infos","tag-brest","tag-duverne","tag-mercato","tag-transfert"],"_links":{"self":[{"href":"https:\/\/www.sitercl.com\/News\/index.php?rest_route=\/wp\/v2\/posts\/1847","targetHints":{"allow":["GET"]}}],"collection":[{"href":"https:\/\/www.sitercl.com\/News\/index.php?rest_route=\/wp\/v2\/posts"}],"about":[{"href":"https:\/\/www.sitercl.com\/News\/index.php?rest_route=\/wp\/v2\/types\/post"}],"author":[{"embeddable":true,"href":"https:\/\/www.sitercl.com\/News\/index.php?rest_route=\/wp\/v2\/users\/2"}],"replies":[{"embeddable":true,"href":"https:\/\/www.sitercl.com\/News\/index.php?rest_route=%2Fwp%2Fv2%2Fcomments&post=1847"}],"version-history":[{"count":1,"href":"https:\/\/www.sitercl.com\/News\/index.php?rest_route=\/wp\/v2\/posts\/1847\/revisions"}],"predecessor-version":[{"id":1848,"href":"https:\/\/www.sitercl.com\/News\/index.php?rest_route=\/wp\/v2\/posts\/1847\/revisions\/1848"}],"wp:attachment":[{"href":"https:\/\/www.sitercl.com\/News\/index.php?rest_route=%2Fwp%2Fv2%2Fmedia&parent=1847"}],"wp:term":[{"taxonomy":"category","embeddable":true,"href":"https:\/\/www.sitercl.com\/News\/index.php?rest_route=%2Fwp%2Fv2%2Fcategories&post=1847"},{"taxonomy":"post_tag","embeddable":true,"href":"https:\/\/www.sitercl.com\/News\/index.php?rest_route=%2Fwp%2Fv2%2Ftags&post=1847"}],"curies":[{"name":"wp","href":"https:\/\/api.w.org\/{rel}","templated":true}]}}