{"id":1890,"date":"2019-09-12T19:03:02","date_gmt":"2019-09-12T17:03:02","guid":{"rendered":"https:\/\/www.sitercl.com\/News\/?p=1890"},"modified":"2019-09-12T19:03:02","modified_gmt":"2019-09-12T17:03:02","slug":"la-commission-de-discipline-clemente-avec-le-rcl","status":"publish","type":"post","link":"https:\/\/www.sitercl.com\/News\/?p=1890","title":{"rendered":"La commission de discipline cl\u00e9mente avec le RCL"},"content":{"rendered":"\n<div class=\"wp-block-image\"><figure class=\"alignright\"><img loading=\"lazy\" decoding=\"async\" width=\"150\" height=\"101\" src=\"https:\/\/www.sitercl.com\/News\/wp-content\/uploads\/2018\/11\/lfp_l1l2.jpg\" alt=\"\" class=\"wp-image-74\"\/><\/figure><\/div>\n\n\n\n<p>Comme chaque semaine la commission de discipline de la Ligue s&rsquo;est r\u00e9unie pour \u00e9tudier les comportements des joueurs et supporters des clubs professionnels. Mercredi soir, le RC Lens n&rsquo;a \u00e9cop\u00e9 d&rsquo;aucune sanction malgr\u00e9 deux dossiers le concernant\u2026<\/p>\n\n\n\n<p><em>6\u00e8me journ\u00e9e de L2 : Grenoble Foot 38 \u2013 RC Lens du 2 septembre 2019 <\/em>Comportement des supporters du RC Lens : propos insultants Le club a re\u00e7u un \u00ab\u00a0simple\u00a0\u00bb rappel \u00e0 l\u2019ordre.<br>De m\u00eame que pour <em>2\u00e8me tour de la Coupe de la Ligue : RC Lens \u2013 Clermont Foot 63 du 27 ao\u00fbt dernier<\/em> o\u00f9 on se souvient la rencontre avait \u00e9t\u00e9 arr\u00eat\u00e9e pendant deux minutes pour des propos insultants \u00e0 l&rsquo;encore de la Ligue.<\/p>\n","protected":false},"excerpt":{"rendered":"<p>Comme chaque semaine la commission de discipline de la Ligue s&rsquo;est r\u00e9unie pour \u00e9tudier les comportements des joueurs et supporters des clubs professionnels. Mercredi soir, le RC Lens n&rsquo;a \u00e9cop\u00e9 d&rsquo;aucune sanction malgr\u00e9 deux dossiers le concernant\u2026 6\u00e8me journ\u00e9e de L2 : Grenoble Foot 38 \u2013 RC Lens du 2 septembre 2019 Comportement des supporters &hellip; <a href=\"https:\/\/www.sitercl.com\/News\/?p=1890\" class=\"more-link\">Continuer la lecture<span class=\"screen-reader-text\"> de &laquo;&nbsp;La commission de discipline cl\u00e9mente avec le RCL&nbsp;&raquo;<\/span><\/a><\/p>\n","protected":false},"author":2,"featured_media":0,"comment_status":"closed","ping_status":"open","sticky":false,"template":"","format":"standard","meta":{"footnotes":""},"categories":[2],"tags":[10,114,14],"class_list":["post-1890","post","type-post","status-publish","format-standard","hentry","category-infos","tag-discipline","tag-lfp","tag-supporters"],"_links":{"self":[{"href":"https:\/\/www.sitercl.com\/News\/index.php?rest_route=\/wp\/v2\/posts\/1890","targetHints":{"allow":["GET"]}}],"collection":[{"href":"https:\/\/www.sitercl.com\/News\/index.php?rest_route=\/wp\/v2\/posts"}],"about":[{"href":"https:\/\/www.sitercl.com\/News\/index.php?rest_route=\/wp\/v2\/types\/post"}],"author":[{"embeddable":true,"href":"https:\/\/www.sitercl.com\/News\/index.php?rest_route=\/wp\/v2\/users\/2"}],"replies":[{"embeddable":true,"href":"https:\/\/www.sitercl.com\/News\/index.php?rest_route=%2Fwp%2Fv2%2Fcomments&post=1890"}],"version-history":[{"count":1,"href":"https:\/\/www.sitercl.com\/News\/index.php?rest_route=\/wp\/v2\/posts\/1890\/revisions"}],"predecessor-version":[{"id":1891,"href":"https:\/\/www.sitercl.com\/News\/index.php?rest_route=\/wp\/v2\/posts\/1890\/revisions\/1891"}],"wp:attachment":[{"href":"https:\/\/www.sitercl.com\/News\/index.php?rest_route=%2Fwp%2Fv2%2Fmedia&parent=1890"}],"wp:term":[{"taxonomy":"category","embeddable":true,"href":"https:\/\/www.sitercl.com\/News\/index.php?rest_route=%2Fwp%2Fv2%2Fcategories&post=1890"},{"taxonomy":"post_tag","embeddable":true,"href":"https:\/\/www.sitercl.com\/News\/index.php?rest_route=%2Fwp%2Fv2%2Ftags&post=1890"}],"curies":[{"name":"wp","href":"https:\/\/api.w.org\/{rel}","templated":true}]}}