{"id":2137,"date":"2019-10-30T15:05:07","date_gmt":"2019-10-30T14:05:07","guid":{"rendered":"https:\/\/www.sitercl.com\/News\/?p=2137"},"modified":"2019-10-30T19:46:25","modified_gmt":"2019-10-30T18:46:25","slug":"rcl-usbco-en-coupe-de-france","status":"publish","type":"post","link":"https:\/\/www.sitercl.com\/News\/?p=2137","title":{"rendered":"RCL &#8211; USBCO en Coupe de France"},"content":{"rendered":"\n<div class=\"wp-block-image\"><figure class=\"alignright\"><img decoding=\"async\" src=\"https:\/\/www.sitercl.com\/Clubs\/France\/boulognu.gif\" alt=\"\"\/><\/figure><\/div>\n\n\n\n<p>Le tirage au sort du septi\u00e8me tour de la Coupe de France s&rsquo;est d\u00e9roul\u00e9 ce mercredi 30 octobre au Centre National du Football de Clairefontaine. Ce 7e tour repr\u00e9sente l&rsquo;entr\u00e9e en lice des clubs de Ligue 2 et donc du RC Lens. Et le club lensois a h\u00e9rit\u00e9 d&rsquo;une belle affiche puisqu&rsquo;il recevra l&rsquo;\u00e9quipe de National 1 de Boulogne-sur-Mer.<br>Les matches de ce 7e tour se d\u00e9rouleront les samedi 16 et dimanche 17 novembre.<\/p>\n\n\n\n<p><em>Quelques rencontres de ce 7e tour<\/em> :<br><strong>RC Lens &#8211; Boulogne sur Mer (N1)<br><\/strong><br>Lorient-Guingamp<br>Ch\u00e2teauroux-Niort<br><br>Le Havre-Dunkerque (N1)<br>Beauvais (N3) ou Fourmies (R3)-Chambly<br>Saint-Maximin (R2)-Valenciennes<br>Bergerac (N2)-Clermont<br>Auch (N3)-Rodez<br>St-Flour (N3)-AC Ajaccio<br>Fr\u00e9jus (N2)-Grenoble<br>Troyes-FBBP 01 (N1)<br>La Charit\u00e9 (R1)-Auxerre<br>Belfort Sud (R1)-Nancy<br>Epinal (N2)-Sochaux<br>Villemomble (R2)-Orl\u00e9ans<br>Amn\u00e9ville (N3)-Paris FC<br>ASI M\u00fbrs-Erign\u00e9 (R2)-Caen<br>Gennevilliers (R2)-Le Mans<br><br>Gravelines (R1) &#8211; Rouen (N2)<br>Gonfreville (N3) &#8211; Le Touquet (N3)<br>Verton (D1) &#8211; Le Portel (N3)<br>Lumbres (R2) &#8211; Grande-Synthe (N3)<br>Saint-Omer (R1) &#8211; Dieppe (N3)<br>Tourcoing (R1) &#8211; Calais Grand Pascal (R2)<\/p>\n","protected":false},"excerpt":{"rendered":"<p>Le tirage au sort du septi\u00e8me tour de la Coupe de France s&rsquo;est d\u00e9roul\u00e9 ce mercredi 30 octobre au Centre National du Football de Clairefontaine. Ce 7e tour repr\u00e9sente l&rsquo;entr\u00e9e en lice des clubs de Ligue 2 et donc du RC Lens. Et le club lensois a h\u00e9rit\u00e9 d&rsquo;une belle affiche puisqu&rsquo;il recevra l&rsquo;\u00e9quipe de &hellip; <a href=\"https:\/\/www.sitercl.com\/News\/?p=2137\" class=\"more-link\">Continuer la lecture<span class=\"screen-reader-text\"> de &laquo;&nbsp;RCL &#8211; USBCO en Coupe de France&nbsp;&raquo;<\/span><\/a><\/p>\n","protected":false},"author":2,"featured_media":0,"comment_status":"closed","ping_status":"open","sticky":false,"template":"","format":"standard","meta":{"footnotes":""},"categories":[2],"tags":[94,25,33],"class_list":["post-2137","post","type-post","status-publish","format-standard","hentry","category-infos","tag-boulogne","tag-coupe-de-france","tag-tirage"],"_links":{"self":[{"href":"https:\/\/www.sitercl.com\/News\/index.php?rest_route=\/wp\/v2\/posts\/2137","targetHints":{"allow":["GET"]}}],"collection":[{"href":"https:\/\/www.sitercl.com\/News\/index.php?rest_route=\/wp\/v2\/posts"}],"about":[{"href":"https:\/\/www.sitercl.com\/News\/index.php?rest_route=\/wp\/v2\/types\/post"}],"author":[{"embeddable":true,"href":"https:\/\/www.sitercl.com\/News\/index.php?rest_route=\/wp\/v2\/users\/2"}],"replies":[{"embeddable":true,"href":"https:\/\/www.sitercl.com\/News\/index.php?rest_route=%2Fwp%2Fv2%2Fcomments&post=2137"}],"version-history":[{"count":2,"href":"https:\/\/www.sitercl.com\/News\/index.php?rest_route=\/wp\/v2\/posts\/2137\/revisions"}],"predecessor-version":[{"id":2139,"href":"https:\/\/www.sitercl.com\/News\/index.php?rest_route=\/wp\/v2\/posts\/2137\/revisions\/2139"}],"wp:attachment":[{"href":"https:\/\/www.sitercl.com\/News\/index.php?rest_route=%2Fwp%2Fv2%2Fmedia&parent=2137"}],"wp:term":[{"taxonomy":"category","embeddable":true,"href":"https:\/\/www.sitercl.com\/News\/index.php?rest_route=%2Fwp%2Fv2%2Fcategories&post=2137"},{"taxonomy":"post_tag","embeddable":true,"href":"https:\/\/www.sitercl.com\/News\/index.php?rest_route=%2Fwp%2Fv2%2Ftags&post=2137"}],"curies":[{"name":"wp","href":"https:\/\/api.w.org\/{rel}","templated":true}]}}