{"id":2230,"date":"2019-11-15T18:59:56","date_gmt":"2019-11-15T17:59:56","guid":{"rendered":"https:\/\/www.sitercl.com\/News\/?p=2230"},"modified":"2019-11-15T18:59:56","modified_gmt":"2019-11-15T17:59:56","slug":"le-groupe-lensois-face-a-boulogne","status":"publish","type":"post","link":"https:\/\/www.sitercl.com\/News\/?p=2230","title":{"rendered":"Le groupe lensois face \u00e0 Boulogne"},"content":{"rendered":"\n<div class=\"wp-block-image\"><figure class=\"alignright is-resized\"><img loading=\"lazy\" decoding=\"async\" src=\"https:\/\/www.sitercl.com\/News\/wp-content\/uploads\/2018\/12\/grpjoueu.jpg\" alt=\"\" class=\"wp-image-248\" width=\"103\" height=\"113\"\/><\/figure><\/div>\n\n\n\n<p>Philippe Montanier a convoqu\u00e9 un groupe de dix sept joueurs pour l\u2019entr\u00e9e du Racing Club de Lens en Coupe de France, samedi en fin d&rsquo;apr\u00e8s-midi (coup d&rsquo;envoi \u00e0 17h00) contre Boulogne-sur-Mer au stade Bollaert-Delelis.<\/p>\n\n\n\n<p><strong>Le groupe<\/strong> :<br>Desprez, Vincensini \u2013 Diallo, Michelin, Mendy, Costa, Radovanovic \u2013 Perez, Mesloub, Ducrocq, Gillet, Boli \u2013 Madri, Sotoca, Robail, Banza, Keita.<\/p>\n\n\n\n<p>C&rsquo;est un groupe plut\u00f4t remani\u00e9 que l&rsquo;entra\u00eeneur lensois a choisi de convoquer, il faut dire qu&rsquo;il doit faire face \u00e0 <a href=\"https:\/\/www.sitercl.com\/News\/?post_type=post&amp;p=2226\">six absents<\/a> pour cette rencontre mais il veut aussi certainement donner du temps de jeu \u00e0 certains de ses joueurs. On pense en premier lieu \u00e0 Mouaad Madri de retour avec l&rsquo;\u00e9quipe premi\u00e8re apr\u00e8s ses blessures mais aussi le gardien Thomas Vincensini qui se fait une joie de jouer \u00e0 Bollaert-Delelis ou encore l&rsquo;attaquant Jules Keita.<\/p>\n","protected":false},"excerpt":{"rendered":"<p>Philippe Montanier a convoqu\u00e9 un groupe de dix sept joueurs pour l\u2019entr\u00e9e du Racing Club de Lens en Coupe de France, samedi en fin d&rsquo;apr\u00e8s-midi (coup d&rsquo;envoi \u00e0 17h00) contre Boulogne-sur-Mer au stade Bollaert-Delelis. Le groupe :Desprez, Vincensini \u2013 Diallo, Michelin, Mendy, Costa, Radovanovic \u2013 Perez, Mesloub, Ducrocq, Gillet, Boli \u2013 Madri, Sotoca, Robail, Banza, &hellip; <a href=\"https:\/\/www.sitercl.com\/News\/?p=2230\" class=\"more-link\">Continuer la lecture<span class=\"screen-reader-text\"> de &laquo;&nbsp;Le groupe lensois face \u00e0 Boulogne&nbsp;&raquo;<\/span><\/a><\/p>\n","protected":false},"author":2,"featured_media":0,"comment_status":"closed","ping_status":"open","sticky":false,"template":"","format":"standard","meta":{"footnotes":""},"categories":[2],"tags":[94,25,11],"class_list":["post-2230","post","type-post","status-publish","format-standard","hentry","category-infos","tag-boulogne","tag-coupe-de-france","tag-groupes"],"_links":{"self":[{"href":"https:\/\/www.sitercl.com\/News\/index.php?rest_route=\/wp\/v2\/posts\/2230","targetHints":{"allow":["GET"]}}],"collection":[{"href":"https:\/\/www.sitercl.com\/News\/index.php?rest_route=\/wp\/v2\/posts"}],"about":[{"href":"https:\/\/www.sitercl.com\/News\/index.php?rest_route=\/wp\/v2\/types\/post"}],"author":[{"embeddable":true,"href":"https:\/\/www.sitercl.com\/News\/index.php?rest_route=\/wp\/v2\/users\/2"}],"replies":[{"embeddable":true,"href":"https:\/\/www.sitercl.com\/News\/index.php?rest_route=%2Fwp%2Fv2%2Fcomments&post=2230"}],"version-history":[{"count":1,"href":"https:\/\/www.sitercl.com\/News\/index.php?rest_route=\/wp\/v2\/posts\/2230\/revisions"}],"predecessor-version":[{"id":2232,"href":"https:\/\/www.sitercl.com\/News\/index.php?rest_route=\/wp\/v2\/posts\/2230\/revisions\/2232"}],"wp:attachment":[{"href":"https:\/\/www.sitercl.com\/News\/index.php?rest_route=%2Fwp%2Fv2%2Fmedia&parent=2230"}],"wp:term":[{"taxonomy":"category","embeddable":true,"href":"https:\/\/www.sitercl.com\/News\/index.php?rest_route=%2Fwp%2Fv2%2Fcategories&post=2230"},{"taxonomy":"post_tag","embeddable":true,"href":"https:\/\/www.sitercl.com\/News\/index.php?rest_route=%2Fwp%2Fv2%2Ftags&post=2230"}],"curies":[{"name":"wp","href":"https:\/\/api.w.org\/{rel}","templated":true}]}}