{"id":2403,"date":"2019-12-07T18:25:11","date_gmt":"2019-12-07T17:25:11","guid":{"rendered":"https:\/\/www.sitercl.com\/News\/?p=2403"},"modified":"2019-12-08T10:17:16","modified_gmt":"2019-12-08T09:17:16","slug":"revue-du-web-avant-dieppe-lens","status":"publish","type":"post","link":"https:\/\/www.sitercl.com\/News\/?p=2403","title":{"rendered":"Revue du Web avant Dieppe &#8211; Lens"},"content":{"rendered":"\n<div class=\"wp-block-image\"><figure class=\"alignright is-resized\"><img loading=\"lazy\" decoding=\"async\" src=\"https:\/\/www.sitercl.com\/News\/wp-content\/uploads\/2019\/01\/clavball.png\" alt=\"\" class=\"wp-image-587\" width=\"113\" height=\"80\"\/><\/figure><\/div>\n\n\n\n<p>Retrouvez une s\u00e9lection d&rsquo;articles avant la rencontre FC Dieppe &#8211; RC Lens comptant pour le 8e tour de la Coupe de France qui se jouera ce dimanche 8 d\u00e9cembre \u00e0 13h45 au stade Jean Dasnias de Saint-Aubin-sur-Scie (et en direct sur France 3 Hauts-de-France).<\/p>\n\n\n\n<p><b>www.lavoixdunord.fr<\/b> :<br>-07\/12\/2019 <a href=\"https:\/\/www.lavoixdunord.fr\/677160\/article\/2019-12-07\/coupe-de-france-pour-lens-trois-bonnes-raisons-d-eviter-le-trou-normand\" target=\"_blank\" rel=\"noopener noreferrer\">Coupe de France : pour Lens, trois bonnes raisons d\u2019\u00e9viter le trou normand<\/a><br>-07\/12\/2019 <a href=\"https:\/\/www.lavoixdunord.fr\/676574\/article\/2019-12-07\/rc-lens-coupe-de-france-ginette-la-dieppoise-est-si-contente-de-recevoir-la\" target=\"_blank\" rel=\"noopener noreferrer\">Ginette la dieppoise est si contente de recevoir la famille lensoise<\/a> <br>-06\/12\/2019 <a href=\"https:\/\/www.lavoixdunord.fr\/676430\/article\/2019-12-06\/rc-lens-robail-et-gillet-incertains-pour-le-match-de-coupe-de-france-dieppe\" target=\"_blank\" rel=\"noopener noreferrer\">Robail et Gillet incertains pour le match de Coupe de France \u00e0 Dieppe<\/a> <br><br><b>www.foot-national.com<\/b> :<br>-05\/12\/2019 <a href=\"http:\/\/www.foot-national.com\/foot-dieppe-lens-la-tete-ailleurs--125917.html\" target=\"_blank\" rel=\"noopener noreferrer\">Dieppe-Lens : la t\u00eate ailleurs ?<\/a><br><br><b>maligue2.fr<\/b> :<br>-07\/12\/2019 <a href=\"https:\/\/maligue2.fr\/2019\/12\/07\/coupe-de-france-8e-tour-le-groupe-de-lens-face-a-dieppe\/\" target=\"_blank\" rel=\"noopener noreferrer\">Le groupe de Lens face \u00e0 Dieppe<\/a> <br>-07\/12\/2019 <a href=\"https:\/\/maligue2.fr\/2019\/12\/07\/guillaume-gonel-coach-de-dieppe-je-ne-pense-pas-que-les-lensois-prennent-la-coupe-a-la-legere\/\" target=\"_blank\" rel=\"noopener noreferrer\">Guillaume Gonel, coach de Dieppe : \u00ab Je ne pense pas que les Lensois prennent la Coupe \u00e0 la l\u00e9g\u00e8re \u00bb<\/a> <br>-21\/11\/2019 <a href=\"https:\/\/maligue2.fr\/2019\/11\/21\/coupe-de-france-a-dieppe-cest-lapotheose-de-recevoir-le-rc-lens-au-8e-tour\/\" target=\"_blank\" rel=\"noopener noreferrer\">A Dieppe, c&rsquo;est \u00ab l&rsquo;apoth\u00e9ose \u00bb de recevoir le RC Lens au 8e tour<\/a><br><br><b>actu.fr<\/b> :<br>-07\/12\/2019 <a href=\"https:\/\/actu.fr\/normandie\/dieppe_76217\/foot-dieppe-lens-supporters-sont-mobilises_29984378.html\" target=\"_blank\" rel=\"noopener noreferrer\">Dieppe-Lens, les supporters sont mobilis\u00e9s !<\/a> <br>-06\/12\/2019 <a href=\"https:\/\/actu.fr\/hauts-de-france\/lens_62498\/coupe-france-rc-lens-ne-pas-tomber-dans-piege-fc-dieppe_29960345.html\" target=\"_blank\" rel=\"noopener noreferrer\">Coupe de France. RC Lens : ne pas tomber dans le pi\u00e8ge du FC Dieppe<\/a> <\/p>\n","protected":false},"excerpt":{"rendered":"<p>Retrouvez une s\u00e9lection d&rsquo;articles avant la rencontre FC Dieppe &#8211; RC Lens comptant pour le 8e tour de la Coupe de France qui se jouera ce dimanche 8 d\u00e9cembre \u00e0 13h45 au stade Jean Dasnias de Saint-Aubin-sur-Scie (et en direct sur France 3 Hauts-de-France). www.lavoixdunord.fr :-07\/12\/2019 Coupe de France : pour Lens, trois bonnes raisons &hellip; <a href=\"https:\/\/www.sitercl.com\/News\/?p=2403\" class=\"more-link\">Continuer la lecture<span class=\"screen-reader-text\"> de &laquo;&nbsp;Revue du Web avant Dieppe &#8211; Lens&nbsp;&raquo;<\/span><\/a><\/p>\n","protected":false},"author":2,"featured_media":0,"comment_status":"closed","ping_status":"open","sticky":false,"template":"","format":"standard","meta":{"footnotes":""},"categories":[6],"tags":[25,247,13],"class_list":["post-2403","post","type-post","status-publish","format-standard","hentry","category-revue-du-web","tag-coupe-de-france","tag-dieppe","tag-internet"],"_links":{"self":[{"href":"https:\/\/www.sitercl.com\/News\/index.php?rest_route=\/wp\/v2\/posts\/2403","targetHints":{"allow":["GET"]}}],"collection":[{"href":"https:\/\/www.sitercl.com\/News\/index.php?rest_route=\/wp\/v2\/posts"}],"about":[{"href":"https:\/\/www.sitercl.com\/News\/index.php?rest_route=\/wp\/v2\/types\/post"}],"author":[{"embeddable":true,"href":"https:\/\/www.sitercl.com\/News\/index.php?rest_route=\/wp\/v2\/users\/2"}],"replies":[{"embeddable":true,"href":"https:\/\/www.sitercl.com\/News\/index.php?rest_route=%2Fwp%2Fv2%2Fcomments&post=2403"}],"version-history":[{"count":6,"href":"https:\/\/www.sitercl.com\/News\/index.php?rest_route=\/wp\/v2\/posts\/2403\/revisions"}],"predecessor-version":[{"id":2417,"href":"https:\/\/www.sitercl.com\/News\/index.php?rest_route=\/wp\/v2\/posts\/2403\/revisions\/2417"}],"wp:attachment":[{"href":"https:\/\/www.sitercl.com\/News\/index.php?rest_route=%2Fwp%2Fv2%2Fmedia&parent=2403"}],"wp:term":[{"taxonomy":"category","embeddable":true,"href":"https:\/\/www.sitercl.com\/News\/index.php?rest_route=%2Fwp%2Fv2%2Fcategories&post=2403"},{"taxonomy":"post_tag","embeddable":true,"href":"https:\/\/www.sitercl.com\/News\/index.php?rest_route=%2Fwp%2Fv2%2Ftags&post=2403"}],"curies":[{"name":"wp","href":"https:\/\/api.w.org\/{rel}","templated":true}]}}