{"id":2440,"date":"2019-12-12T18:44:05","date_gmt":"2019-12-12T17:44:05","guid":{"rendered":"https:\/\/www.sitercl.com\/News\/?p=2440"},"modified":"2019-12-12T18:44:05","modified_gmt":"2019-12-12T17:44:05","slug":"corentin-jean-en-route-vers-lens","status":"publish","type":"post","link":"https:\/\/www.sitercl.com\/News\/?p=2440","title":{"rendered":"Corentin Jean en route vers Lens"},"content":{"rendered":"\n<div class=\"wp-block-image\"><figure class=\"alignright\"><img loading=\"lazy\" decoding=\"async\" width=\"70\" height=\"63\" src=\"https:\/\/www.sitercl.com\/News\/wp-content\/uploads\/2018\/11\/logo.gif\" alt=\"\" class=\"wp-image-7\"\/><\/figure><\/div>\n\n\n\n<p>Selon le site <a aria-label=\"lesviolets.com (s\u2019ouvre dans un nouvel onglet)\" rel=\"noreferrer noopener\" href=\"https:\/\/www.lesviolets.com\/actu\/mercato-corentin-jean-en-route-vers-lens,51931.html\" target=\"_blank\">lesviolets.com<\/a> (et valid\u00e9 \u00e9galement par <em>La Voix Du Nord<\/em>), l&rsquo;attaquant Corentin Jean (24 ans) sera pr\u00eat\u00e9 au RC Lens lors des toutes premi\u00e8res heures de 2020. Le RCL qui comptera donc un ancien toulousain suppl\u00e9mentaire dans son effectif apr\u00e8s Deb\u00e8ve, Michelin, Fortes et Cahuzac.<br>Une occasion en tout cas pour le joueur de retrouver du temps de jeu suite \u00e0 une rupture des ligaments crois\u00e9s en mars dernier et on esp\u00e8re bien s\u00fbr que l\u2019attaquant aidera les Sang et Or \u00e0 monter en Ligue 1.<\/p>\n","protected":false},"excerpt":{"rendered":"<p>Selon le site lesviolets.com (et valid\u00e9 \u00e9galement par La Voix Du Nord), l&rsquo;attaquant Corentin Jean (24 ans) sera pr\u00eat\u00e9 au RC Lens lors des toutes premi\u00e8res heures de 2020. Le RCL qui comptera donc un ancien toulousain suppl\u00e9mentaire dans son effectif apr\u00e8s Deb\u00e8ve, Michelin, Fortes et Cahuzac.Une occasion en tout cas pour le joueur de &hellip; <a href=\"https:\/\/www.sitercl.com\/News\/?p=2440\" class=\"more-link\">Continuer la lecture<span class=\"screen-reader-text\"> de &laquo;&nbsp;Corentin Jean en route vers Lens&nbsp;&raquo;<\/span><\/a><\/p>\n","protected":false},"author":2,"featured_media":0,"comment_status":"closed","ping_status":"open","sticky":false,"template":"","format":"standard","meta":{"footnotes":""},"categories":[2],"tags":[13,255,64,88],"class_list":["post-2440","post","type-post","status-publish","format-standard","hentry","category-infos","tag-internet","tag-jean","tag-mercato","tag-toulouse"],"_links":{"self":[{"href":"https:\/\/www.sitercl.com\/News\/index.php?rest_route=\/wp\/v2\/posts\/2440","targetHints":{"allow":["GET"]}}],"collection":[{"href":"https:\/\/www.sitercl.com\/News\/index.php?rest_route=\/wp\/v2\/posts"}],"about":[{"href":"https:\/\/www.sitercl.com\/News\/index.php?rest_route=\/wp\/v2\/types\/post"}],"author":[{"embeddable":true,"href":"https:\/\/www.sitercl.com\/News\/index.php?rest_route=\/wp\/v2\/users\/2"}],"replies":[{"embeddable":true,"href":"https:\/\/www.sitercl.com\/News\/index.php?rest_route=%2Fwp%2Fv2%2Fcomments&post=2440"}],"version-history":[{"count":1,"href":"https:\/\/www.sitercl.com\/News\/index.php?rest_route=\/wp\/v2\/posts\/2440\/revisions"}],"predecessor-version":[{"id":2441,"href":"https:\/\/www.sitercl.com\/News\/index.php?rest_route=\/wp\/v2\/posts\/2440\/revisions\/2441"}],"wp:attachment":[{"href":"https:\/\/www.sitercl.com\/News\/index.php?rest_route=%2Fwp%2Fv2%2Fmedia&parent=2440"}],"wp:term":[{"taxonomy":"category","embeddable":true,"href":"https:\/\/www.sitercl.com\/News\/index.php?rest_route=%2Fwp%2Fv2%2Fcategories&post=2440"},{"taxonomy":"post_tag","embeddable":true,"href":"https:\/\/www.sitercl.com\/News\/index.php?rest_route=%2Fwp%2Fv2%2Ftags&post=2440"}],"curies":[{"name":"wp","href":"https:\/\/api.w.org\/{rel}","templated":true}]}}