{"id":2446,"date":"2019-12-12T19:27:35","date_gmt":"2019-12-12T18:27:35","guid":{"rendered":"https:\/\/www.sitercl.com\/News\/?p=2446"},"modified":"2019-12-12T19:27:35","modified_gmt":"2019-12-12T18:27:35","slug":"le-real-madrid-a-remercie-lens-pour-varane","status":"publish","type":"post","link":"https:\/\/www.sitercl.com\/News\/?p=2446","title":{"rendered":"Le Real Madrid a remerci\u00e9 Lens pour Varane"},"content":{"rendered":"\n<div class=\"wp-block-image\"><figure class=\"alignright\"><img decoding=\"async\" src=\"https:\/\/www.sitercl.com\/Fichejo\/V\/varanera.gif\" alt=\"\"\/><\/figure><\/div>\n\n\n\n<p>Il faut croire que le Real Madrid n&rsquo;a vraiment pas regrett\u00e9 le transfert depuis le RC Lens de Rapha\u00ebl Varane ! En effet, c&rsquo;est une anecdote qui vient d&rsquo;\u00eatre r\u00e9v\u00e9l\u00e9 par Gervais Martel\u2026<br>Le club merengue avait investi dix millions d&rsquo;euros pour s&rsquo;offrir le d\u00e9fenseur central en 2011 et l&rsquo;accord stipulait \u00e0 l&rsquo;\u00e9poque que les Espagnols allaient devoir payer un suppl\u00e9ment en cas de titre en Ligue des Champions. Une prime cumulable deux fois et comme le Real a soulev\u00e9 la C1 en 2014 et 2016 avec Varane dans ses rangs, le club s&rsquo;est acquitt\u00e9 \u00e0 chaque fois du bonus (non communiqu\u00e9). Et lorsque le d\u00e9fenseur a remport\u00e9 sa troisi\u00e8me Coupe d&rsquo;Europe avec Madrid \u00e0 Cardiff contre la Juventus en 2017, le club de la Capitale espagnole a bien voulu payer apr\u00e8s une demande de l&rsquo;ancien pr\u00e9sident du RC Lens le bonus une troisi\u00e8me fois, sans pourtant y \u00eatre oblig\u00e9.<\/p>\n","protected":false},"excerpt":{"rendered":"<p>Il faut croire que le Real Madrid n&rsquo;a vraiment pas regrett\u00e9 le transfert depuis le RC Lens de Rapha\u00ebl Varane ! En effet, c&rsquo;est une anecdote qui vient d&rsquo;\u00eatre r\u00e9v\u00e9l\u00e9 par Gervais Martel\u2026Le club merengue avait investi dix millions d&rsquo;euros pour s&rsquo;offrir le d\u00e9fenseur central en 2011 et l&rsquo;accord stipulait \u00e0 l&rsquo;\u00e9poque que les Espagnols &hellip; <a href=\"https:\/\/www.sitercl.com\/News\/?p=2446\" class=\"more-link\">Continuer la lecture<span class=\"screen-reader-text\"> de &laquo;&nbsp;Le Real Madrid a remerci\u00e9 Lens pour Varane&nbsp;&raquo;<\/span><\/a><\/p>\n","protected":false},"author":2,"featured_media":0,"comment_status":"closed","ping_status":"open","sticky":false,"template":"","format":"standard","meta":{"footnotes":""},"categories":[2],"tags":[77,49,258,256,58,257],"class_list":["post-2446","post","type-post","status-publish","format-standard","hentry","category-infos","tag-ancien","tag-finance","tag-martel","tag-real-madrid","tag-transfert","tag-varane"],"_links":{"self":[{"href":"https:\/\/www.sitercl.com\/News\/index.php?rest_route=\/wp\/v2\/posts\/2446","targetHints":{"allow":["GET"]}}],"collection":[{"href":"https:\/\/www.sitercl.com\/News\/index.php?rest_route=\/wp\/v2\/posts"}],"about":[{"href":"https:\/\/www.sitercl.com\/News\/index.php?rest_route=\/wp\/v2\/types\/post"}],"author":[{"embeddable":true,"href":"https:\/\/www.sitercl.com\/News\/index.php?rest_route=\/wp\/v2\/users\/2"}],"replies":[{"embeddable":true,"href":"https:\/\/www.sitercl.com\/News\/index.php?rest_route=%2Fwp%2Fv2%2Fcomments&post=2446"}],"version-history":[{"count":1,"href":"https:\/\/www.sitercl.com\/News\/index.php?rest_route=\/wp\/v2\/posts\/2446\/revisions"}],"predecessor-version":[{"id":2447,"href":"https:\/\/www.sitercl.com\/News\/index.php?rest_route=\/wp\/v2\/posts\/2446\/revisions\/2447"}],"wp:attachment":[{"href":"https:\/\/www.sitercl.com\/News\/index.php?rest_route=%2Fwp%2Fv2%2Fmedia&parent=2446"}],"wp:term":[{"taxonomy":"category","embeddable":true,"href":"https:\/\/www.sitercl.com\/News\/index.php?rest_route=%2Fwp%2Fv2%2Fcategories&post=2446"},{"taxonomy":"post_tag","embeddable":true,"href":"https:\/\/www.sitercl.com\/News\/index.php?rest_route=%2Fwp%2Fv2%2Ftags&post=2446"}],"curies":[{"name":"wp","href":"https:\/\/api.w.org\/{rel}","templated":true}]}}