{"id":2452,"date":"2019-12-13T19:31:22","date_gmt":"2019-12-13T18:31:22","guid":{"rendered":"https:\/\/www.sitercl.com\/News\/?p=2452"},"modified":"2019-12-13T19:31:22","modified_gmt":"2019-12-13T18:31:22","slug":"les-groupes-pour-aca-rcl","status":"publish","type":"post","link":"https:\/\/www.sitercl.com\/News\/?p=2452","title":{"rendered":"Les groupes pour ACA &#8211; RCL"},"content":{"rendered":"\n<div class=\"wp-block-image\"><figure class=\"alignright\"><img loading=\"lazy\" decoding=\"async\" width=\"137\" height=\"150\" src=\"https:\/\/www.sitercl.com\/News\/wp-content\/uploads\/2018\/12\/grpjoueu.jpg\" alt=\"\" class=\"wp-image-248\"\/><\/figure><\/div>\n\n\n\n<p>Retrouvez les groupes convoqu\u00e9s pour la rencontre entre l&rsquo;AC Ajaccio et le RC Lens&#8230;<\/p>\n\n\n\n<p><strong>Pour l&rsquo;AC Ajaccio<\/strong> :<br>Leroy, Sollacaro, Avinel, Diallo, Corinus, Choplin, Huard, Coutadeur, Laci, Jallow, Mattoir, Cavalli, El Idrissy, Cuypers, Flips, Courtet, M. Tramoni L. Tramoni.<\/p>\n\n\n\n<p>Olivier Pantaloni, le coach ac\u00e9iste doit se passer des services de Cyrille Bayala (accord avec le RCL) et G\u00e9d\u00e9on Kalulu (cheville).<\/p>\n\n\n\n<p><strong>Pour le RC Lens<\/strong> :<br>Leca, Vincensini \u2013 Diallo, Ha\u00efdara, Mendy, Michelin, Radovanovic, Traor\u00e9 \u2013 Cahuzac, Doucour\u00e9, Ducrocq, Gillet, Mesloub, Perez \u2013 Banza, Mauricio, Moukandjo, Robail, Sotoca, Sow.<\/p>\n\n\n\n<p>Philippe Montanier a convoqu\u00e9 un groupe \u00e9largi de 20 joueurs \u00e0 l&rsquo;occasion de cette rencontre. Il manque toutefois toujours Jules Keita (adducteur), Steven Fortes (m\u00e9nisque), Mouaad Madri (ischio) et Charles Boli (reprise). Mais aussi du d\u00e9fenseur Jonathan Gradit (ischios).<\/p>\n\n\n\n<p><strong>Les arbitres<\/strong> :<br>C&rsquo;est \nAmaury DELERUE (42 ans) qui a \u00e9t\u00e9 d\u00e9sign\u00e9 comme arbitre principal pour cette rencontre. Ses assistants seront Stephan LUZI et Alexandre VIALA. Le 4e arbitre sera Floris AUBIN.<br>Plus habitu\u00e9 \u00e0 la L1, Amaury DELERUE a dirig\u00e9 uniquement une seule rencontre de Domino&rsquo;s L2 cette saison.<\/p>\n","protected":false},"excerpt":{"rendered":"<p>Retrouvez les groupes convoqu\u00e9s pour la rencontre entre l&rsquo;AC Ajaccio et le RC Lens&#8230; Pour l&rsquo;AC Ajaccio :Leroy, Sollacaro, Avinel, Diallo, Corinus, Choplin, Huard, Coutadeur, Laci, Jallow, Mattoir, Cavalli, El Idrissy, Cuypers, Flips, Courtet, M. Tramoni L. Tramoni. Olivier Pantaloni, le coach ac\u00e9iste doit se passer des services de Cyrille Bayala (accord avec le RCL) &hellip; <a href=\"https:\/\/www.sitercl.com\/News\/?p=2452\" class=\"more-link\">Continuer la lecture<span class=\"screen-reader-text\"> de &laquo;&nbsp;Les groupes pour ACA &#8211; RCL&nbsp;&raquo;<\/span><\/a><\/p>\n","protected":false},"author":2,"featured_media":0,"comment_status":"closed","ping_status":"open","sticky":false,"template":"","format":"standard","meta":{"footnotes":""},"categories":[2],"tags":[37,11,50],"class_list":["post-2452","post","type-post","status-publish","format-standard","hentry","category-infos","tag-ac-ajaccio","tag-groupes","tag-ligue-2"],"_links":{"self":[{"href":"https:\/\/www.sitercl.com\/News\/index.php?rest_route=\/wp\/v2\/posts\/2452","targetHints":{"allow":["GET"]}}],"collection":[{"href":"https:\/\/www.sitercl.com\/News\/index.php?rest_route=\/wp\/v2\/posts"}],"about":[{"href":"https:\/\/www.sitercl.com\/News\/index.php?rest_route=\/wp\/v2\/types\/post"}],"author":[{"embeddable":true,"href":"https:\/\/www.sitercl.com\/News\/index.php?rest_route=\/wp\/v2\/users\/2"}],"replies":[{"embeddable":true,"href":"https:\/\/www.sitercl.com\/News\/index.php?rest_route=%2Fwp%2Fv2%2Fcomments&post=2452"}],"version-history":[{"count":1,"href":"https:\/\/www.sitercl.com\/News\/index.php?rest_route=\/wp\/v2\/posts\/2452\/revisions"}],"predecessor-version":[{"id":2453,"href":"https:\/\/www.sitercl.com\/News\/index.php?rest_route=\/wp\/v2\/posts\/2452\/revisions\/2453"}],"wp:attachment":[{"href":"https:\/\/www.sitercl.com\/News\/index.php?rest_route=%2Fwp%2Fv2%2Fmedia&parent=2452"}],"wp:term":[{"taxonomy":"category","embeddable":true,"href":"https:\/\/www.sitercl.com\/News\/index.php?rest_route=%2Fwp%2Fv2%2Fcategories&post=2452"},{"taxonomy":"post_tag","embeddable":true,"href":"https:\/\/www.sitercl.com\/News\/index.php?rest_route=%2Fwp%2Fv2%2Ftags&post=2452"}],"curies":[{"name":"wp","href":"https:\/\/api.w.org\/{rel}","templated":true}]}}