{"id":247,"date":"2018-12-07T18:48:41","date_gmt":"2018-12-07T17:48:41","guid":{"rendered":"http:\/\/www.sitercl.com\/News\/?p=247"},"modified":"2018-12-07T18:48:41","modified_gmt":"2018-12-07T17:48:41","slug":"le-groupe-lensois-pour-affronter-versailles","status":"publish","type":"post","link":"https:\/\/www.sitercl.com\/News\/?p=247","title":{"rendered":"Le groupe lensois pour affronter Versailles"},"content":{"rendered":"<p><img loading=\"lazy\" decoding=\"async\" class=\"alignright size-full wp-image-248\" src=\"http:\/\/www.sitercl.com\/News\/wp-content\/uploads\/2018\/12\/grpjoueu.jpg\" alt=\"\" width=\"137\" height=\"150\" \/><br \/>\nPhilippe Montanier a convoqu\u00e9 un groupe de 16 joueurs \u00e0 l&rsquo;occasion de la rencontre FC Versailles &#8211; RC Lens comptant pour le 8e tour de Coupe de France, disput\u00e9e ce samedi \u00e0 13h30 au stade Montbauron\u2026<\/p>\n<p><em>Le groupe lensois<\/em> :<br \/>\nBelon, Vachoux \u2013 Cal, Ebosse, Mendy, Tka \u2013 Ba, Bellegarde, Doucour\u00e9, Mesloub \u2013 Ambrose, Bayala, Bencharki, Chouiar, Kyei, Madri.<\/p>\n<p>Touch\u00e9 aux reins et aux c\u00f4tes mardi soir sur la charge du Brestois K\u00e9vin Mayi apr\u00e8s la r\u00e9duction du score de son \u00e9quipe, Jean-Louis Leca n&rsquo;a finalement aucune blessure s\u00e9rieuse et pouvait donc tenir sa place pour ce match. Toutefois, comme lors du tour pr\u00e9c\u00e9dent, Philippe Montanier a d\u00e9cid\u00e9 de titulariser plut\u00f4t J\u00e9r\u00e9my Vachoux dans le but lensois.<br \/>\nLa d\u00e9fense art\u00e9sienne est elle aussi remani\u00e9e, il faut dire que les nombreux absents dans ce secteur (Aleksandar Radovanovic, Fabien Centonze et Jean-K\u00e9vin Duverne) n&rsquo;aident pas \u00e0 la stabilit\u00e9, d&rsquo;autant plus que l&rsquo;entra\u00eeneur lensois a d\u00e9cid\u00e9 de pr\u00e9server certains joueurs (Modibo Sagnan \u00e9tait par exemple sur le coup d&rsquo;une suspension possible en cas de carton jaune).<\/p>\n<p>A noter que Mesloub fait bien parti du groupe, il aura certainement \u00e0 c\u0153ur de jouer face \u00e0 son \u00e9quipe de jeunesse. Ce qui ne sera pas le cas de Ha\u00efdara, lui aussi pass\u00e9 par l&rsquo;\u00e9quipe de Versailles m\u00eame si ce fut plus rapide.<\/p>\n<p>Du c\u00f4t\u00e9 du groupe du FC Versailles, le RC Lens ne retrouvera pas Charles Itandje comme gardien. En effet, l&rsquo;ancien Sang et Or vient de se faire op\u00e9r\u00e9 et est donc forfait.<\/p>\n","protected":false},"excerpt":{"rendered":"<p>Philippe Montanier a convoqu\u00e9 un groupe de 16 joueurs \u00e0 l&rsquo;occasion de la rencontre FC Versailles &#8211; RC Lens comptant pour le 8e tour de Coupe de France, disput\u00e9e ce samedi \u00e0 13h30 au stade Montbauron\u2026 Le groupe lensois : Belon, Vachoux \u2013 Cal, Ebosse, Mendy, Tka \u2013 Ba, Bellegarde, Doucour\u00e9, Mesloub \u2013 Ambrose, Bayala, &hellip; <a href=\"https:\/\/www.sitercl.com\/News\/?p=247\" class=\"more-link\">Continuer la lecture<span class=\"screen-reader-text\"> de &laquo;&nbsp;Le groupe lensois pour affronter Versailles&nbsp;&raquo;<\/span><\/a><\/p>\n","protected":false},"author":2,"featured_media":0,"comment_status":"closed","ping_status":"open","sticky":false,"template":"","format":"standard","meta":{"footnotes":""},"categories":[2],"tags":[25,11,32],"class_list":["post-247","post","type-post","status-publish","format-standard","hentry","category-infos","tag-coupe-de-france","tag-groupes","tag-versailles"],"_links":{"self":[{"href":"https:\/\/www.sitercl.com\/News\/index.php?rest_route=\/wp\/v2\/posts\/247","targetHints":{"allow":["GET"]}}],"collection":[{"href":"https:\/\/www.sitercl.com\/News\/index.php?rest_route=\/wp\/v2\/posts"}],"about":[{"href":"https:\/\/www.sitercl.com\/News\/index.php?rest_route=\/wp\/v2\/types\/post"}],"author":[{"embeddable":true,"href":"https:\/\/www.sitercl.com\/News\/index.php?rest_route=\/wp\/v2\/users\/2"}],"replies":[{"embeddable":true,"href":"https:\/\/www.sitercl.com\/News\/index.php?rest_route=%2Fwp%2Fv2%2Fcomments&post=247"}],"version-history":[{"count":1,"href":"https:\/\/www.sitercl.com\/News\/index.php?rest_route=\/wp\/v2\/posts\/247\/revisions"}],"predecessor-version":[{"id":249,"href":"https:\/\/www.sitercl.com\/News\/index.php?rest_route=\/wp\/v2\/posts\/247\/revisions\/249"}],"wp:attachment":[{"href":"https:\/\/www.sitercl.com\/News\/index.php?rest_route=%2Fwp%2Fv2%2Fmedia&parent=247"}],"wp:term":[{"taxonomy":"category","embeddable":true,"href":"https:\/\/www.sitercl.com\/News\/index.php?rest_route=%2Fwp%2Fv2%2Fcategories&post=247"},{"taxonomy":"post_tag","embeddable":true,"href":"https:\/\/www.sitercl.com\/News\/index.php?rest_route=%2Fwp%2Fv2%2Ftags&post=247"}],"curies":[{"name":"wp","href":"https:\/\/api.w.org\/{rel}","templated":true}]}}