{"id":250,"date":"2018-12-07T18:53:45","date_gmt":"2018-12-07T17:53:45","guid":{"rendered":"http:\/\/www.sitercl.com\/News\/?p=250"},"modified":"2018-12-07T18:53:45","modified_gmt":"2018-12-07T17:53:45","slug":"calendrier-general-saison-2019-2020","status":"publish","type":"post","link":"https:\/\/www.sitercl.com\/News\/?p=250","title":{"rendered":"Calendrier g\u00e9n\u00e9ral saison 2019\/2020"},"content":{"rendered":"<p><img loading=\"lazy\" decoding=\"async\" class=\"alignright size-full wp-image-251\" src=\"http:\/\/www.sitercl.com\/News\/wp-content\/uploads\/2018\/12\/agenda.jpg\" alt=\"\" width=\"108\" height=\"72\" \/><br \/>\nLe Comit\u00e9 ex\u00e9cutif de la FFF r\u00e9uni ce vendredi 7 d\u00e9cembre au si\u00e8ge de la F\u00e9d\u00e9ration sous la pr\u00e9sidence de No\u00ebl Le Gra\u00ebt a ent\u00e9rin\u00e9 le calendrier 2019-2020. Le coup d&rsquo;envoi de la saison sera donn\u00e9 le vendredi 26 juillet 2019 par la 1re journ\u00e9e de Ligue 2. Elle s&rsquo;ach\u00e8vera le dimanche 31 mai 2020.<\/p>\n<p><strong>Les principales dates<\/strong> :<\/p>\n<p><em>Ligue 1<\/em><br \/>\n1re journ\u00e9e : samedi 10 ao\u00fbt 2019<br \/>\n38e journ\u00e9e : samedi 23 mai 2020<br \/>\nBarrage Ligue 1-Ligue 2 : jeudi 28 et dimanche 31 mai 2020<\/p>\n<p><em>Ligue 2<\/em><br \/>\n1re journ\u00e9e : vendredi 26 juillet 2019<br \/>\n38e journ\u00e9e : vendredi 15 mai 2020<br \/>\nPlay-off Ligue 2 : mardi 19 et vendredi 22 mai 2020<br \/>\nBarrage Ligue 2\/National : mardi 26 et dimanche 31 mai 2020<\/p>\n<p><em>Coupes<\/em><br \/>\nFinale de la Coupe de la Ligue : samedi 4 avril 2020<br \/>\nFinale de la Coupe de France : samedi 25 avril 2020<\/p>\n","protected":false},"excerpt":{"rendered":"<p>Le Comit\u00e9 ex\u00e9cutif de la FFF r\u00e9uni ce vendredi 7 d\u00e9cembre au si\u00e8ge de la F\u00e9d\u00e9ration sous la pr\u00e9sidence de No\u00ebl Le Gra\u00ebt a ent\u00e9rin\u00e9 le calendrier 2019-2020. Le coup d&rsquo;envoi de la saison sera donn\u00e9 le vendredi 26 juillet 2019 par la 1re journ\u00e9e de Ligue 2. Elle s&rsquo;ach\u00e8vera le dimanche 31 mai 2020. &hellip; <a href=\"https:\/\/www.sitercl.com\/News\/?p=250\" class=\"more-link\">Continuer la lecture<span class=\"screen-reader-text\"> de &laquo;&nbsp;Calendrier g\u00e9n\u00e9ral saison 2019\/2020&nbsp;&raquo;<\/span><\/a><\/p>\n","protected":false},"author":2,"featured_media":0,"comment_status":"closed","ping_status":"open","sticky":false,"template":"","format":"standard","meta":{"footnotes":""},"categories":[4],"tags":[17],"class_list":["post-250","post","type-post","status-publish","format-standard","hentry","category-divers","tag-programme"],"_links":{"self":[{"href":"https:\/\/www.sitercl.com\/News\/index.php?rest_route=\/wp\/v2\/posts\/250","targetHints":{"allow":["GET"]}}],"collection":[{"href":"https:\/\/www.sitercl.com\/News\/index.php?rest_route=\/wp\/v2\/posts"}],"about":[{"href":"https:\/\/www.sitercl.com\/News\/index.php?rest_route=\/wp\/v2\/types\/post"}],"author":[{"embeddable":true,"href":"https:\/\/www.sitercl.com\/News\/index.php?rest_route=\/wp\/v2\/users\/2"}],"replies":[{"embeddable":true,"href":"https:\/\/www.sitercl.com\/News\/index.php?rest_route=%2Fwp%2Fv2%2Fcomments&post=250"}],"version-history":[{"count":1,"href":"https:\/\/www.sitercl.com\/News\/index.php?rest_route=\/wp\/v2\/posts\/250\/revisions"}],"predecessor-version":[{"id":252,"href":"https:\/\/www.sitercl.com\/News\/index.php?rest_route=\/wp\/v2\/posts\/250\/revisions\/252"}],"wp:attachment":[{"href":"https:\/\/www.sitercl.com\/News\/index.php?rest_route=%2Fwp%2Fv2%2Fmedia&parent=250"}],"wp:term":[{"taxonomy":"category","embeddable":true,"href":"https:\/\/www.sitercl.com\/News\/index.php?rest_route=%2Fwp%2Fv2%2Fcategories&post=250"},{"taxonomy":"post_tag","embeddable":true,"href":"https:\/\/www.sitercl.com\/News\/index.php?rest_route=%2Fwp%2Fv2%2Ftags&post=250"}],"curies":[{"name":"wp","href":"https:\/\/api.w.org\/{rel}","templated":true}]}}