{"id":2620,"date":"2020-01-24T19:03:47","date_gmt":"2020-01-24T18:03:47","guid":{"rendered":"https:\/\/www.sitercl.com\/News\/?p=2620"},"modified":"2020-01-24T19:03:47","modified_gmt":"2020-01-24T18:03:47","slug":"les-groupes-pour-lens-clermont-2","status":"publish","type":"post","link":"https:\/\/www.sitercl.com\/News\/?p=2620","title":{"rendered":"Les groupes pour Lens &#8211; Clermont"},"content":{"rendered":"\n<div class=\"wp-block-image\"><figure class=\"alignright size-large\"><img loading=\"lazy\" decoding=\"async\" width=\"137\" height=\"150\" src=\"https:\/\/www.sitercl.com\/News\/wp-content\/uploads\/2018\/12\/grpjoueu.jpg\" alt=\"\" class=\"wp-image-248\"\/><\/figure><\/div>\n\n\n\n<p>Retrouvez les groupes pour la rencontre de samedi (coup d&rsquo;envoi \u00e0 15h \u00e0 Bollaert-Delelis) qui opposera le RC Lens au Clermont Foot \u00e0 l&rsquo;occasion de la 21e journ\u00e9e de Domino&rsquo;s Ligue 2&#8230;<\/p>\n\n\n\n<p><strong>Pour le RC Lens<\/strong> :<br>Leca, Vincensini \u2013 Diallo, Michelin, Fortes, Traor\u00e9, Ha\u00efdara, Gradit \u2013 P\u00e9rez, Cahuzac, Boli, Mauricio, Gillet, Doucour\u00e9 \u2013 Sotoca, Robail, Keita, Jean.<\/p>\n\n\n\n<p>Aleksandar Radovanovic a \u00e9t\u00e9 m\u00e9nag\u00e9 toute la semaine suite \u00e0 la commotion c\u00e9r\u00e9brale survenue \u00e0 Guingamp. Simon Banza est suspendu. On notera par contre les retours de Steven Fortes et Charles Boli.<\/p>\n\n\n\n<p><strong>Pour Clermont Foot<\/strong> :<br>Dup\u00e9, Djoco \u2013 Hountondji, N\u2019Simba, Albert, Zedadka, Ogier \u2013 Berthomier, Magnin, Iglesias, Ndiaye, Samed, Gastien, Chader \u2013 Grbic, Allevinah, D. Gomis, Donisa.<\/p>\n\n\n\n<p>On constate la pr\u00e9sence dans ce groupe de l&rsquo;ancien lensois Akim Zedadka. Et les Sang et Or devront faire attention \u00e0 Adrian Grbic, l&rsquo;actuel deuxi\u00e8me buteur de L2 avec d\u00e9j\u00e0 14 buts \u00e0 son actif depuis le d\u00e9but de la saison.<\/p>\n\n\n\n<p><strong>Les arbitres<\/strong> :<br>L&rsquo;arbitre principal de cette rencontre sera Bastien DECHEPY (34 ans). Il sera assist\u00e9 sur les lignes de touche par Cyril SAINT CRICQ LOMPRE et Brice PARINET LE TELLIER. Le 4e arbitre sera Robin CHAPAPRIA.<br>Depuis le d\u00e9but de la saison, Bastien Dechepy a arbitr\u00e9 12 matches de L2 o\u00f9 il a distribu\u00e9 un total de 47 cartons jaune et 7 rouge. Dont 6 jaune et 1 rouge lors de RC Lens &#8211; Ch\u00e2teauroux (<a href=\"https:\/\/www.sitercl.com\/Matches\/2019-20\/Champion\/Domicile\/chateaul.htm\">1-0<\/a>) de la 7e journ\u00e9e de championnat.<\/p>\n\n\n\n<p><\/p>\n","protected":false},"excerpt":{"rendered":"<p>Retrouvez les groupes pour la rencontre de samedi (coup d&rsquo;envoi \u00e0 15h \u00e0 Bollaert-Delelis) qui opposera le RC Lens au Clermont Foot \u00e0 l&rsquo;occasion de la 21e journ\u00e9e de Domino&rsquo;s Ligue 2&#8230; Pour le RC Lens :Leca, Vincensini \u2013 Diallo, Michelin, Fortes, Traor\u00e9, Ha\u00efdara, Gradit \u2013 P\u00e9rez, Cahuzac, Boli, Mauricio, Gillet, Doucour\u00e9 \u2013 Sotoca, Robail, &hellip; <a href=\"https:\/\/www.sitercl.com\/News\/?p=2620\" class=\"more-link\">Continuer la lecture<span class=\"screen-reader-text\"> de &laquo;&nbsp;Les groupes pour Lens &#8211; Clermont&nbsp;&raquo;<\/span><\/a><\/p>\n","protected":false},"author":2,"featured_media":0,"comment_status":"closed","ping_status":"open","sticky":false,"template":"","format":"standard","meta":{"footnotes":""},"categories":[2],"tags":[26,11,50],"class_list":["post-2620","post","type-post","status-publish","format-standard","hentry","category-infos","tag-clermont-foot","tag-groupes","tag-ligue-2"],"_links":{"self":[{"href":"https:\/\/www.sitercl.com\/News\/index.php?rest_route=\/wp\/v2\/posts\/2620","targetHints":{"allow":["GET"]}}],"collection":[{"href":"https:\/\/www.sitercl.com\/News\/index.php?rest_route=\/wp\/v2\/posts"}],"about":[{"href":"https:\/\/www.sitercl.com\/News\/index.php?rest_route=\/wp\/v2\/types\/post"}],"author":[{"embeddable":true,"href":"https:\/\/www.sitercl.com\/News\/index.php?rest_route=\/wp\/v2\/users\/2"}],"replies":[{"embeddable":true,"href":"https:\/\/www.sitercl.com\/News\/index.php?rest_route=%2Fwp%2Fv2%2Fcomments&post=2620"}],"version-history":[{"count":1,"href":"https:\/\/www.sitercl.com\/News\/index.php?rest_route=\/wp\/v2\/posts\/2620\/revisions"}],"predecessor-version":[{"id":2621,"href":"https:\/\/www.sitercl.com\/News\/index.php?rest_route=\/wp\/v2\/posts\/2620\/revisions\/2621"}],"wp:attachment":[{"href":"https:\/\/www.sitercl.com\/News\/index.php?rest_route=%2Fwp%2Fv2%2Fmedia&parent=2620"}],"wp:term":[{"taxonomy":"category","embeddable":true,"href":"https:\/\/www.sitercl.com\/News\/index.php?rest_route=%2Fwp%2Fv2%2Fcategories&post=2620"},{"taxonomy":"post_tag","embeddable":true,"href":"https:\/\/www.sitercl.com\/News\/index.php?rest_route=%2Fwp%2Fv2%2Ftags&post=2620"}],"curies":[{"name":"wp","href":"https:\/\/api.w.org\/{rel}","templated":true}]}}