{"id":2622,"date":"2020-01-24T19:17:52","date_gmt":"2020-01-24T18:17:52","guid":{"rendered":"https:\/\/www.sitercl.com\/News\/?p=2622"},"modified":"2020-01-26T18:27:25","modified_gmt":"2020-01-26T17:27:25","slug":"revue-du-web-avant-lens-clermont","status":"publish","type":"post","link":"https:\/\/www.sitercl.com\/News\/?p=2622","title":{"rendered":"Revue du web avant Lens &#8211; Clermont"},"content":{"rendered":"\n<div class=\"wp-block-image\"><figure class=\"alignright size-large\"><img loading=\"lazy\" decoding=\"async\" width=\"150\" height=\"106\" src=\"https:\/\/www.sitercl.com\/News\/wp-content\/uploads\/2019\/01\/clavball.png\" alt=\"\" class=\"wp-image-587\"\/><\/figure><\/div>\n\n\n\n<p>Retrouvez une s\u00e9lection d&rsquo;articles du Web avant le match de samedi qui opposera Lens \u00e0 Clermont \u00e0 partir de 15h00\u2026<\/p>\n\n\n\n<p><b>www.lavoixdunord.fr<\/b> :<br>-24\/01\/2020 <a href=\"https:\/\/www.lavoixdunord.fr\/699889\/article\/2020-01-24\/lens-pourquoi-l-entraineur-changerait-il-une-equipe-qui-gagne-interroge-jonathan\" target=\"_blank\" rel=\"noopener noreferrer\">Lens : \u00ab Pourquoi l\u2019entra\u00eeneur changerait-il une \u00e9quipe qui gagne ? \u00bb, interroge Jonathan Gradit<\/a> <br>-24\/01\/2020 <a href=\"https:\/\/www.lavoixdunord.fr\/699721\/article\/2020-01-24\/ces-chiffres-qui-disent-comment-le-rc-lens-refait-de-bollaert-son-jardin\" target=\"_blank\" rel=\"noopener noreferrer\">Ces chiffres qui disent comment le RC Lens a refait de Bollaert son jardin<\/a><br>-23\/01\/2020 <a href=\"https:\/\/www.lavoixdunord.fr\/699441\/article\/2020-01-23\/ligue-2-presque-au-complet-le-racing-ne-devrait-plus-bouger-lors-du-mercato\" target=\"_blank\" rel=\"noopener noreferrer\">Ligue 2 : presque au complet, le Racing ne devrait plus bouger lors du mercato<\/a> <br><br><b>www.lequipe.fr<\/b> :<br>-25\/01\/2020 <a href=\"https:\/\/www.lequipe.fr\/Football\/Actualites\/Florian-sotoca-lens-le-pionnier-polyvalent\/1102372\" target=\"_blank\" rel=\"noopener noreferrer\">Florian Sotoca (Lens), le pionnier polyvalent<\/a> <br>-23\/01\/2020 <a href=\"https:\/\/www.lequipe.fr\/Football\/Actualites\/Manuel-perez-lens-j-espere-ne-pas-prendre-le-bouillon\/1101900\" target=\"_blank\" rel=\"noopener noreferrer\">Manuel Perez (Lens) : \u00ab J&rsquo;esp\u00e8re ne pas prendre le bouillon \u00bb<\/a><br><br><b>www.lamontagne.fr<\/b> :<br>-24\/01\/2020 <a href=\"https:\/\/www.lamontagne.fr\/clermont-ferrand-63000\/sports\/clermont-foot-pascal-gastien-met-la-pression-sur-l-arbitrage-avant-lens_13729506\/\" target=\"_blank\" rel=\"noopener noreferrer\">Clermont Foot : Pascal Gastien met la pression sur l&rsquo;arbitrage avant Lens<\/a><br>-24\/01\/2020 <a href=\"https:\/\/www.lamontagne.fr\/clermont-ferrand-63000\/sports\/ligue-2-le-retour-des-cadres-un-milieu-surprise_13730391\/\" target=\"_blank\" rel=\"noopener noreferrer\">Ligue 2 : le retour des cadres, un milieu surprise<\/a><br><br><b>actu.fr<\/b> :<br>-24\/01\/2020 <a href=\"https:\/\/actu.fr\/hauts-de-france\/lens_62498\/ligue-2-rc-lens-mefiant-avant-recevoir-clermont_30996781.html\" target=\"_blank\" rel=\"noopener noreferrer\">Un RC Lens m\u00e9fiant avant de recevoir Clermont<\/a><br><br><b>www.sofoot.com<\/b> :<br>-21\/01\/2020 <a href=\"https:\/\/www.sofoot.com\/au-rc-lens-les-portables-sont-bannis-du-vestiaire-479181.html\" target=\"_blank\" rel=\"noopener noreferrer\">Au RC Lens, les portables sont bannis du vestiaire<\/a><br><br><b>maligue2.fr<\/b> :<br>-25\/01\/2020 <a href=\"https:\/\/maligue2.fr\/2020\/01\/25\/ligue-2-21e-journee-clermont-veut-jouer-les-trouble-fetes-a-bollaert-delelis\/\" target=\"_blank\" rel=\"noopener noreferrer\">Clermont veut jouer les trouble-f\u00eates \u00e0 Bollaert-Delelis<\/a> <\/p>\n","protected":false},"excerpt":{"rendered":"<p>Retrouvez une s\u00e9lection d&rsquo;articles du Web avant le match de samedi qui opposera Lens \u00e0 Clermont \u00e0 partir de 15h00\u2026 www.lavoixdunord.fr :-24\/01\/2020 Lens : \u00ab Pourquoi l\u2019entra\u00eeneur changerait-il une \u00e9quipe qui gagne ? \u00bb, interroge Jonathan Gradit -24\/01\/2020 Ces chiffres qui disent comment le RC Lens a refait de Bollaert son jardin-23\/01\/2020 Ligue 2 : &hellip; <a href=\"https:\/\/www.sitercl.com\/News\/?p=2622\" class=\"more-link\">Continuer la lecture<span class=\"screen-reader-text\"> de &laquo;&nbsp;Revue du web avant Lens &#8211; Clermont&nbsp;&raquo;<\/span><\/a><\/p>\n","protected":false},"author":2,"featured_media":0,"comment_status":"closed","ping_status":"open","sticky":false,"template":"","format":"standard","meta":{"footnotes":""},"categories":[6],"tags":[26,13,50],"class_list":["post-2622","post","type-post","status-publish","format-standard","hentry","category-revue-du-web","tag-clermont-foot","tag-internet","tag-ligue-2"],"_links":{"self":[{"href":"https:\/\/www.sitercl.com\/News\/index.php?rest_route=\/wp\/v2\/posts\/2622","targetHints":{"allow":["GET"]}}],"collection":[{"href":"https:\/\/www.sitercl.com\/News\/index.php?rest_route=\/wp\/v2\/posts"}],"about":[{"href":"https:\/\/www.sitercl.com\/News\/index.php?rest_route=\/wp\/v2\/types\/post"}],"author":[{"embeddable":true,"href":"https:\/\/www.sitercl.com\/News\/index.php?rest_route=\/wp\/v2\/users\/2"}],"replies":[{"embeddable":true,"href":"https:\/\/www.sitercl.com\/News\/index.php?rest_route=%2Fwp%2Fv2%2Fcomments&post=2622"}],"version-history":[{"count":3,"href":"https:\/\/www.sitercl.com\/News\/index.php?rest_route=\/wp\/v2\/posts\/2622\/revisions"}],"predecessor-version":[{"id":2638,"href":"https:\/\/www.sitercl.com\/News\/index.php?rest_route=\/wp\/v2\/posts\/2622\/revisions\/2638"}],"wp:attachment":[{"href":"https:\/\/www.sitercl.com\/News\/index.php?rest_route=%2Fwp%2Fv2%2Fmedia&parent=2622"}],"wp:term":[{"taxonomy":"category","embeddable":true,"href":"https:\/\/www.sitercl.com\/News\/index.php?rest_route=%2Fwp%2Fv2%2Fcategories&post=2622"},{"taxonomy":"post_tag","embeddable":true,"href":"https:\/\/www.sitercl.com\/News\/index.php?rest_route=%2Fwp%2Fv2%2Ftags&post=2622"}],"curies":[{"name":"wp","href":"https:\/\/api.w.org\/{rel}","templated":true}]}}