{"id":2624,"date":"2020-01-24T19:22:54","date_gmt":"2020-01-24T18:22:54","guid":{"rendered":"https:\/\/www.sitercl.com\/News\/?p=2624"},"modified":"2020-01-24T19:25:07","modified_gmt":"2020-01-24T18:25:07","slug":"nouvel-espace-parking-pmr","status":"publish","type":"post","link":"https:\/\/www.sitercl.com\/News\/?p=2624","title":{"rendered":"Nouvel espace parking PMR"},"content":{"rendered":"\n<div class=\"wp-block-image\"><figure class=\"alignright size-large\"><img loading=\"lazy\" decoding=\"async\" width=\"150\" height=\"121\" src=\"https:\/\/www.sitercl.com\/News\/wp-content\/uploads\/2018\/11\/stadebd.jpg\" alt=\"\" class=\"wp-image-55\"\/><\/figure><\/div>\n\n\n\n<p>Le site officiel du RC Lens a communiqu\u00e9 sur un nouvel espace parking au stade Bollaert-Delelis pour les personnes \u00e0 mobilit\u00e9 r\u00e9duite.<\/p>\n\n\n\n<p>Le parking PMR, d\u2019une cinquantaine de places, est accessible via la Route de B\u00e9thune puis la Rue Andr\u00e9 Boulloche. Il est situ\u00e9 \u00e0 une centaine de m\u00e8tres de l\u2019entr\u00e9e PMR. Cet espace est d\u00e9limit\u00e9, s\u00e9curis\u00e9 et clairement identifi\u00e9. La carte d\u2019invalidit\u00e9 ou le macaron GIC\/GIG est indispensable pour y stationner.<br>L\u2019acc\u00e8s au stade se fait \u00e0 l\u2019arri\u00e8re de la tribune Delacourt via une rampe pr\u00e9vue \u00e0 cet effet.<\/p>\n\n\n\n<p>Pour faciliter l\u2019acc\u00e8s au stade, il est recommand\u00e9 d\u2019effectuer votre demande de places en e-ticket lors de votre achat.<\/p>\n\n\n\n<p><em>Informations<\/em> :<br>Pour tout renseignement concernant les PMR, il vous est possible de contacter la section Handifanclub RC Lens<\/p>\n\n\n\n<ul class=\"wp-block-list\"><li>12, all\u00e9e des sculpteurs 51430 Bezannes<\/li><li>Pr\u00e9sident : Simon Parzybut&nbsp;<\/li><li>T\u00e9l\u00e9phone : 06.14.49.53.92<\/li><li>Site web : <a href=\"http:\/\/www.handifanclubrclens.com\/\" target=\"_blank\" rel=\"noreferrer noopener\">www.handifanclubrclens.com<\/a><\/li><\/ul>\n","protected":false},"excerpt":{"rendered":"<p>Le site officiel du RC Lens a communiqu\u00e9 sur un nouvel espace parking au stade Bollaert-Delelis pour les personnes \u00e0 mobilit\u00e9 r\u00e9duite. Le parking PMR, d\u2019une cinquantaine de places, est accessible via la Route de B\u00e9thune puis la Rue Andr\u00e9 Boulloche. Il est situ\u00e9 \u00e0 une centaine de m\u00e8tres de l\u2019entr\u00e9e PMR. Cet espace est &hellip; <a href=\"https:\/\/www.sitercl.com\/News\/?p=2624\" class=\"more-link\">Continuer la lecture<span class=\"screen-reader-text\"> de &laquo;&nbsp;Nouvel espace parking PMR&nbsp;&raquo;<\/span><\/a><\/p>\n","protected":false},"author":2,"featured_media":0,"comment_status":"closed","ping_status":"open","sticky":false,"template":"","format":"standard","meta":{"footnotes":""},"categories":[2],"tags":[54,272,273],"class_list":["post-2624","post","type-post","status-publish","format-standard","hentry","category-infos","tag-bollaert","tag-handicap","tag-parking"],"_links":{"self":[{"href":"https:\/\/www.sitercl.com\/News\/index.php?rest_route=\/wp\/v2\/posts\/2624","targetHints":{"allow":["GET"]}}],"collection":[{"href":"https:\/\/www.sitercl.com\/News\/index.php?rest_route=\/wp\/v2\/posts"}],"about":[{"href":"https:\/\/www.sitercl.com\/News\/index.php?rest_route=\/wp\/v2\/types\/post"}],"author":[{"embeddable":true,"href":"https:\/\/www.sitercl.com\/News\/index.php?rest_route=\/wp\/v2\/users\/2"}],"replies":[{"embeddable":true,"href":"https:\/\/www.sitercl.com\/News\/index.php?rest_route=%2Fwp%2Fv2%2Fcomments&post=2624"}],"version-history":[{"count":3,"href":"https:\/\/www.sitercl.com\/News\/index.php?rest_route=\/wp\/v2\/posts\/2624\/revisions"}],"predecessor-version":[{"id":2627,"href":"https:\/\/www.sitercl.com\/News\/index.php?rest_route=\/wp\/v2\/posts\/2624\/revisions\/2627"}],"wp:attachment":[{"href":"https:\/\/www.sitercl.com\/News\/index.php?rest_route=%2Fwp%2Fv2%2Fmedia&parent=2624"}],"wp:term":[{"taxonomy":"category","embeddable":true,"href":"https:\/\/www.sitercl.com\/News\/index.php?rest_route=%2Fwp%2Fv2%2Fcategories&post=2624"},{"taxonomy":"post_tag","embeddable":true,"href":"https:\/\/www.sitercl.com\/News\/index.php?rest_route=%2Fwp%2Fv2%2Ftags&post=2624"}],"curies":[{"name":"wp","href":"https:\/\/api.w.org\/{rel}","templated":true}]}}