{"id":2640,"date":"2020-01-27T19:16:53","date_gmt":"2020-01-27T18:16:53","guid":{"rendered":"https:\/\/www.sitercl.com\/News\/?p=2640"},"modified":"2020-01-27T19:16:53","modified_gmt":"2020-01-27T18:16:53","slug":"pourquoi-gillet-a-debute-sur-le-banc","status":"publish","type":"post","link":"https:\/\/www.sitercl.com\/News\/?p=2640","title":{"rendered":"Pourquoi Gillet a d\u00e9but\u00e9 sur le banc ?"},"content":{"rendered":"\n<div class=\"wp-block-image\"><figure class=\"alignright size-large\"><img decoding=\"async\" src=\"https:\/\/www.sitercl.com\/Fichejo\/G\/gilletgu.gif\" alt=\"\"\/><\/figure><\/div>\n\n\n\n<p>Petite surprise au moment o\u00f9 Philippe Montanier a communiqu\u00e9 la composition du RC Lens face \u00e0 Clermont samedi dernier\u2026 Le duo Cahuzac, Gillet n&rsquo;\u00e9tait pas align\u00e9 en milieu de terrain contrairement \u00e0 d&rsquo;habitude. En effet, Guillaume Gillet a d\u00e9but\u00e9 la rencontre sur le banc des rempla\u00e7ants.<br>Pas vraiment un choix purement sportif\u2026 L&rsquo;entra\u00eeneur lensois a simplement voulu \u00e9pargner un peu le joueur qui ne s&rsquo;\u00e9tait pas entra\u00een\u00e9 le lundi et mardi, en raison d\u2019une grosse g\u00eane par rapport au match pr\u00e9c\u00e9dent face \u00e0\u00a0Guingamp.<\/p>\n\n\n\n<p>Quant \u00e0 Steven Fortes qui a fait son retour sur le terrain \u00e0 la 53e minute apr\u00e8s sa p\u00e9riode de blessure, l\u00e0 aussi ce n&rsquo;\u00e9tait pas vraiment voulu car c&rsquo;est la sortie de Jonathan Gradit sur blessure qui a n\u00e9cessit\u00e9 cette entr\u00e9e.<\/p>\n","protected":false},"excerpt":{"rendered":"<p>Petite surprise au moment o\u00f9 Philippe Montanier a communiqu\u00e9 la composition du RC Lens face \u00e0 Clermont samedi dernier\u2026 Le duo Cahuzac, Gillet n&rsquo;\u00e9tait pas align\u00e9 en milieu de terrain contrairement \u00e0 d&rsquo;habitude. En effet, Guillaume Gillet a d\u00e9but\u00e9 la rencontre sur le banc des rempla\u00e7ants.Pas vraiment un choix purement sportif\u2026 L&rsquo;entra\u00eeneur lensois a simplement &hellip; <a href=\"https:\/\/www.sitercl.com\/News\/?p=2640\" class=\"more-link\">Continuer la lecture<span class=\"screen-reader-text\"> de &laquo;&nbsp;Pourquoi Gillet a d\u00e9but\u00e9 sur le banc ?&nbsp;&raquo;<\/span><\/a><\/p>\n","protected":false},"author":2,"featured_media":0,"comment_status":"closed","ping_status":"open","sticky":false,"template":"","format":"standard","meta":{"footnotes":""},"categories":[2],"tags":[26,101,206],"class_list":["post-2640","post","type-post","status-publish","format-standard","hentry","category-infos","tag-clermont-foot","tag-gillet","tag-gradit"],"_links":{"self":[{"href":"https:\/\/www.sitercl.com\/News\/index.php?rest_route=\/wp\/v2\/posts\/2640","targetHints":{"allow":["GET"]}}],"collection":[{"href":"https:\/\/www.sitercl.com\/News\/index.php?rest_route=\/wp\/v2\/posts"}],"about":[{"href":"https:\/\/www.sitercl.com\/News\/index.php?rest_route=\/wp\/v2\/types\/post"}],"author":[{"embeddable":true,"href":"https:\/\/www.sitercl.com\/News\/index.php?rest_route=\/wp\/v2\/users\/2"}],"replies":[{"embeddable":true,"href":"https:\/\/www.sitercl.com\/News\/index.php?rest_route=%2Fwp%2Fv2%2Fcomments&post=2640"}],"version-history":[{"count":1,"href":"https:\/\/www.sitercl.com\/News\/index.php?rest_route=\/wp\/v2\/posts\/2640\/revisions"}],"predecessor-version":[{"id":2642,"href":"https:\/\/www.sitercl.com\/News\/index.php?rest_route=\/wp\/v2\/posts\/2640\/revisions\/2642"}],"wp:attachment":[{"href":"https:\/\/www.sitercl.com\/News\/index.php?rest_route=%2Fwp%2Fv2%2Fmedia&parent=2640"}],"wp:term":[{"taxonomy":"category","embeddable":true,"href":"https:\/\/www.sitercl.com\/News\/index.php?rest_route=%2Fwp%2Fv2%2Fcategories&post=2640"},{"taxonomy":"post_tag","embeddable":true,"href":"https:\/\/www.sitercl.com\/News\/index.php?rest_route=%2Fwp%2Fv2%2Ftags&post=2640"}],"curies":[{"name":"wp","href":"https:\/\/api.w.org\/{rel}","templated":true}]}}