{"id":2793,"date":"2020-02-28T19:08:13","date_gmt":"2020-02-28T18:08:13","guid":{"rendered":"https:\/\/www.sitercl.com\/News\/?p=2793"},"modified":"2020-02-28T19:08:13","modified_gmt":"2020-02-28T18:08:13","slug":"pas-dadjoint-supplementaire","status":"publish","type":"post","link":"https:\/\/www.sitercl.com\/News\/?p=2793","title":{"rendered":"Pas d&rsquo;adjoint suppl\u00e9mentaire"},"content":{"rendered":"\n<div class=\"wp-block-image\"><figure class=\"alignright size-large\"><img decoding=\"async\" src=\"https:\/\/www.sitercl.com\/Fichejo\/H\/haisefra.gif\" alt=\"\"\/><\/figure><\/div>\n\n\n\n<p>Le nouvel entra\u00eeneur lensois, Franck Haise, sera \u00e9paul\u00e9 d\u2019Alou Diarra (adjoint), d\u2019Aymen Djiedidi (pr\u00e9parateur physique), de Thierry Malaspina (pr\u00e9parateur des gardiens) et de Vincent Lannoy (pr\u00e9parateur physique)  au niveau de son staff. Si un adjoint suppl\u00e9mentaire d&rsquo;exp\u00e9rience avait \u00e9t\u00e9 \u00e9voqu\u00e9 ici ou l\u00e0, il semblerait que ce ne soit finalement pas le choix du club qui devrait, seulement le cas \u00e9ch\u00e9ant, renforcer ce staff par quelqu&rsquo;un en interne.<\/p>\n\n\n\n<p>De m\u00eame, si le terme, \u00ab\u00a0<em>jusqu&rsquo;\u00e0 nouvel ordre<\/em>\u00a0\u00bb avait \u00e9t\u00e9 communiqu\u00e9 pour la dur\u00e9e du poste de Franck Haise en tant qu&rsquo;entra\u00eeneur, il a \u00e9t\u00e9 confirm\u00e9 en conf\u00e9rence de presse que ce serait au moins jusque la fin de la saison.<\/p>\n","protected":false},"excerpt":{"rendered":"<p>Le nouvel entra\u00eeneur lensois, Franck Haise, sera \u00e9paul\u00e9 d\u2019Alou Diarra (adjoint), d\u2019Aymen Djiedidi (pr\u00e9parateur physique), de Thierry Malaspina (pr\u00e9parateur des gardiens) et de Vincent Lannoy (pr\u00e9parateur physique) au niveau de son staff. Si un adjoint suppl\u00e9mentaire d&rsquo;exp\u00e9rience avait \u00e9t\u00e9 \u00e9voqu\u00e9 ici ou l\u00e0, il semblerait que ce ne soit finalement pas le choix du club &hellip; <a href=\"https:\/\/www.sitercl.com\/News\/?p=2793\" class=\"more-link\">Continuer la lecture<span class=\"screen-reader-text\"> de &laquo;&nbsp;Pas d&rsquo;adjoint suppl\u00e9mentaire&nbsp;&raquo;<\/span><\/a><\/p>\n","protected":false},"author":2,"featured_media":0,"comment_status":"closed","ping_status":"open","sticky":false,"template":"","format":"standard","meta":{"footnotes":""},"categories":[2],"tags":[282,283,279,284,231,107],"class_list":["post-2793","post","type-post","status-publish","format-standard","hentry","category-infos","tag-diarra-a","tag-djiedidi","tag-haise","tag-lannoy","tag-malaspina","tag-staff"],"_links":{"self":[{"href":"https:\/\/www.sitercl.com\/News\/index.php?rest_route=\/wp\/v2\/posts\/2793","targetHints":{"allow":["GET"]}}],"collection":[{"href":"https:\/\/www.sitercl.com\/News\/index.php?rest_route=\/wp\/v2\/posts"}],"about":[{"href":"https:\/\/www.sitercl.com\/News\/index.php?rest_route=\/wp\/v2\/types\/post"}],"author":[{"embeddable":true,"href":"https:\/\/www.sitercl.com\/News\/index.php?rest_route=\/wp\/v2\/users\/2"}],"replies":[{"embeddable":true,"href":"https:\/\/www.sitercl.com\/News\/index.php?rest_route=%2Fwp%2Fv2%2Fcomments&post=2793"}],"version-history":[{"count":1,"href":"https:\/\/www.sitercl.com\/News\/index.php?rest_route=\/wp\/v2\/posts\/2793\/revisions"}],"predecessor-version":[{"id":2794,"href":"https:\/\/www.sitercl.com\/News\/index.php?rest_route=\/wp\/v2\/posts\/2793\/revisions\/2794"}],"wp:attachment":[{"href":"https:\/\/www.sitercl.com\/News\/index.php?rest_route=%2Fwp%2Fv2%2Fmedia&parent=2793"}],"wp:term":[{"taxonomy":"category","embeddable":true,"href":"https:\/\/www.sitercl.com\/News\/index.php?rest_route=%2Fwp%2Fv2%2Fcategories&post=2793"},{"taxonomy":"post_tag","embeddable":true,"href":"https:\/\/www.sitercl.com\/News\/index.php?rest_route=%2Fwp%2Fv2%2Ftags&post=2793"}],"curies":[{"name":"wp","href":"https:\/\/api.w.org\/{rel}","templated":true}]}}