{"id":2891,"date":"2020-03-13T11:51:27","date_gmt":"2020-03-13T10:51:27","guid":{"rendered":"https:\/\/www.sitercl.com\/News\/?p=2891"},"modified":"2020-03-14T11:24:58","modified_gmt":"2020-03-14T10:24:58","slug":"la-ligue-2-suspendue","status":"publish","type":"post","link":"https:\/\/www.sitercl.com\/News\/?p=2891","title":{"rendered":"La Ligue 2 suspendue !"},"content":{"rendered":"\n<div class=\"wp-block-image\"><figure class=\"alignright size-large\"><img loading=\"lazy\" decoding=\"async\" width=\"150\" height=\"101\" src=\"https:\/\/www.sitercl.com\/News\/wp-content\/uploads\/2018\/11\/lfp_l1l2.jpg\" alt=\"\" class=\"wp-image-74\"\/><\/figure><\/div>\n\n\n\n<p>Retrouvez le communiqu\u00e9 de la LFP sur la suspension de la Domino&rsquo;s Ligue 2&#8230;<\/p>\n\n\n\n<p><em>Suite aux annonces du Pr\u00e9sident de la R\u00e9publique afin de r\u00e9pondre \u00e0 la crise sanitaire li\u00e9e au Covid-19, le Conseil d\u2019Administration de la LFP a d\u00e9cid\u00e9 \u00e0 l\u2019unanimit\u00e9 ce vendredi 13 mars de <strong>suspendre imm\u00e9diatement<\/strong> les championnats de Ligue 1 Conforama et de <strong>Domino\u2019s Ligue 2<\/strong> jusqu\u2019\u00e0 nouvel ordre.<\/em><\/p>\n\n\n\n<p><em>Comme l\u2019a soulign\u00e9 hier le Pr\u00e9sident de la R\u00e9publique, il faut placer l\u2019int\u00e9r\u00eat collectif au-dessus de tout. L\u2019urgence est aujourd\u2019hui de freiner l\u2019\u00e9pid\u00e9mie, de prot\u00e9ger les plus vuln\u00e9rables, et d\u2019\u00e9viter les d\u00e9placements.<\/em><\/p>\n\n\n\n<p><em>A l\u2019issue de la r\u00e9union programm\u00e9e par l\u2019UEFA le 17 mars prochain, le Conseil d\u2019Administration de la LFP se r\u00e9unira.<\/em><\/p>\n","protected":false},"excerpt":{"rendered":"<p>Retrouvez le communiqu\u00e9 de la LFP sur la suspension de la Domino&rsquo;s Ligue 2&#8230; Suite aux annonces du Pr\u00e9sident de la R\u00e9publique afin de r\u00e9pondre \u00e0 la crise sanitaire li\u00e9e au Covid-19, le Conseil d\u2019Administration de la LFP a d\u00e9cid\u00e9 \u00e0 l\u2019unanimit\u00e9 ce vendredi 13 mars de suspendre imm\u00e9diatement les championnats de Ligue 1 Conforama &hellip; <a href=\"https:\/\/www.sitercl.com\/News\/?p=2891\" class=\"more-link\">Continuer la lecture<span class=\"screen-reader-text\"> de &laquo;&nbsp;La Ligue 2 suspendue !&nbsp;&raquo;<\/span><\/a><\/p>\n","protected":false},"author":2,"featured_media":0,"comment_status":"closed","ping_status":"open","sticky":false,"template":"","format":"standard","meta":{"footnotes":""},"categories":[2],"tags":[280,290,114,17],"class_list":["post-2891","post","type-post","status-publish","format-standard","hentry","category-infos","tag-communique","tag-covid-19","tag-lfp","tag-programme"],"_links":{"self":[{"href":"https:\/\/www.sitercl.com\/News\/index.php?rest_route=\/wp\/v2\/posts\/2891","targetHints":{"allow":["GET"]}}],"collection":[{"href":"https:\/\/www.sitercl.com\/News\/index.php?rest_route=\/wp\/v2\/posts"}],"about":[{"href":"https:\/\/www.sitercl.com\/News\/index.php?rest_route=\/wp\/v2\/types\/post"}],"author":[{"embeddable":true,"href":"https:\/\/www.sitercl.com\/News\/index.php?rest_route=\/wp\/v2\/users\/2"}],"replies":[{"embeddable":true,"href":"https:\/\/www.sitercl.com\/News\/index.php?rest_route=%2Fwp%2Fv2%2Fcomments&post=2891"}],"version-history":[{"count":1,"href":"https:\/\/www.sitercl.com\/News\/index.php?rest_route=\/wp\/v2\/posts\/2891\/revisions"}],"predecessor-version":[{"id":2892,"href":"https:\/\/www.sitercl.com\/News\/index.php?rest_route=\/wp\/v2\/posts\/2891\/revisions\/2892"}],"wp:attachment":[{"href":"https:\/\/www.sitercl.com\/News\/index.php?rest_route=%2Fwp%2Fv2%2Fmedia&parent=2891"}],"wp:term":[{"taxonomy":"category","embeddable":true,"href":"https:\/\/www.sitercl.com\/News\/index.php?rest_route=%2Fwp%2Fv2%2Fcategories&post=2891"},{"taxonomy":"post_tag","embeddable":true,"href":"https:\/\/www.sitercl.com\/News\/index.php?rest_route=%2Fwp%2Fv2%2Ftags&post=2891"}],"curies":[{"name":"wp","href":"https:\/\/api.w.org\/{rel}","templated":true}]}}